{"id":779,"date":"2026-09-06T08:02:55","date_gmt":"2026-09-06T06:02:55","guid":{"rendered":"https:\/\/inspagna.com\/andalucia-galicia-pais-vasco-las-espanas-que-no-se-parecen-entre-si\/"},"modified":"2026-09-06T08:02:55","modified_gmt":"2026-09-06T06:02:55","slug":"andalucia-galicia-pais-vasco-las-espanas-que-no-se-parecen-entre-si","status":"publish","type":"post","link":"https:\/\/inspagna.com\/es\/andalucia-galicia-pais-vasco-las-espanas-que-no-se-parecen-entre-si\/","title":{"rendered":"Andaluc\u00eda, Galicia, Pa\u00eds Vasco: las Espa\u00f1as que no se parecen entre s\u00ed"},"content":{"rendered":"<p>Cuando se habla de mudarse a Espa\u00f1a, tendemos a imaginar el pa\u00eds como un bloque uniforme. Un clima, una lengua, un estilo de vida. Pero quien lleva un tiempo viviendo aqu\u00ed lo sabe bien: ir de Sevilla a San Sebasti\u00e1n puede dar la sensaci\u00f3n de cambiar de pa\u00eds por completo. Espa\u00f1a es, en realidad, un conjunto de identidades muy distintas entre s\u00ed, y entenderlo antes de elegir d\u00f3nde vivir marca una diferencia enorme.<\/p><div id=\"ez-toc-container\" class=\"ez-toc-v2_0_86 counter-hierarchy ez-toc-counter ez-toc-custom ez-toc-container-direction\">\n<div class=\"ez-toc-box-title\">In questo articolo<\/div>\n<div class=\"ez-toc-title-container\">\n<span class=\"ez-toc-title-toggle\"><\/span><\/div>\n<nav><ul class='ez-toc-list ez-toc-list-level-1 ' ><li class='ez-toc-page-1 ez-toc-heading-level-2'><a class=\"ez-toc-link ez-toc-heading-1\" href=\"https:\/\/inspagna.com\/es\/andalucia-galicia-pais-vasco-las-espanas-que-no-se-parecen-entre-si\/#Por-que-Espana-es-tan-dificil-de-generalizar\" >Por qu\u00e9 Espa\u00f1a es tan dif\u00edcil de generalizar<\/a><\/li><li class='ez-toc-page-1 ez-toc-heading-level-2'><a class=\"ez-toc-link ez-toc-heading-2\" href=\"https:\/\/inspagna.com\/es\/andalucia-galicia-pais-vasco-las-espanas-que-no-se-parecen-entre-si\/#Andalucia-el-Sur-que-no-te-esperas\" >Andaluc\u00eda: el Sur que no te esperas<\/a><\/li><li class='ez-toc-page-1 ez-toc-heading-level-2'><a class=\"ez-toc-link ez-toc-heading-3\" href=\"https:\/\/inspagna.com\/es\/andalucia-galicia-pais-vasco-las-espanas-que-no-se-parecen-entre-si\/#Galicia-verde-atlantica-y-tranquila\" >Galicia: verde, atl\u00e1ntica y tranquila<\/a><\/li><li class='ez-toc-page-1 ez-toc-heading-level-2'><a class=\"ez-toc-link ez-toc-heading-4\" href=\"https:\/\/inspagna.com\/es\/andalucia-galicia-pais-vasco-las-espanas-que-no-se-parecen-entre-si\/#Pais-Vasco-eficiencia-identidad-y-una-calidad-de-vida-altisima\" >Pa\u00eds Vasco: eficiencia, identidad y una calidad de vida alt\u00edsima<\/a><\/li><li class='ez-toc-page-1 ez-toc-heading-level-2'><a class=\"ez-toc-link ez-toc-heading-5\" href=\"https:\/\/inspagna.com\/es\/andalucia-galicia-pais-vasco-las-espanas-que-no-se-parecen-entre-si\/#Tres-Espanas-tres-formas-de-vida\" >Tres Espa\u00f1as, tres formas de vida<\/a><\/li><li class='ez-toc-page-1 ez-toc-heading-level-2'><a class=\"ez-toc-link ez-toc-heading-6\" href=\"https:\/\/inspagna.com\/es\/andalucia-galicia-pais-vasco-las-espanas-que-no-se-parecen-entre-si\/#Que-tener-en-cuenta-antes-de-elegir\" >Qu\u00e9 tener en cuenta antes de elegir<\/a><\/li><\/ul><\/nav><\/div>\n\n<h2><span class=\"ez-toc-section\" id=\"Por-que-Espana-es-tan-dificil-de-generalizar\"><\/span>Por qu\u00e9 Espa\u00f1a es tan dif\u00edcil de generalizar<span class=\"ez-toc-section-end\"><\/span><\/h2>\n<p>En Italia estamos acostumbrados a diferencias regionales marcadas: el Norte y el Sur tienen culturas, dialectos y costumbres que a veces parecen separados por siglos. Pero Espa\u00f1a lleva este concepto a otro nivel. Aqu\u00ed algunas regiones tienen su propia lengua, un sistema jur\u00eddico parcialmente aut\u00f3nomo, una historia que muchas veces tiene poco que ver con Madrid. <strong>No se trata solo de folclore o gastronom\u00eda<\/strong>: se trata de identidades profundas que tocan la pol\u00edtica, la vida cotidiana e incluso la forma en que la gente te habla y te recibe.<\/p>\n<p>El sistema de las <em>comunidades aut\u00f3nomas<\/em> otorga a las regiones espa\u00f1olas poderes mucho m\u00e1s amplios de los que suelen tener las regiones italianas. Sanidad, educaci\u00f3n, algunas pol\u00edticas fiscales: dependen en parte de la comunidad en la que vives. Cuando eliges d\u00f3nde mudarte en Espa\u00f1a, est\u00e1s eligiendo mucho m\u00e1s que una ciudad.<\/p>\n<h2><span class=\"ez-toc-section\" id=\"Andalucia-el-Sur-que-no-te-esperas\"><\/span>Andaluc\u00eda: el Sur que no te esperas<span class=\"ez-toc-section-end\"><\/span><\/h2>\n<p>Para muchos italianos, Andaluc\u00eda es Espa\u00f1a por excelencia. Sevilla, Granada, C\u00f3rdoba, el flamenco, las tapas, el sol casi todo el a\u00f1o. Y en parte es as\u00ed: <strong>Andaluc\u00eda es una regi\u00f3n de una riqueza cultural extraordinaria<\/strong>, con una historia que mezcla herencia romana, \u00e1rabe, cristiana y gitana de una forma \u00fanica en el mundo.<\/p>\n<p>Pero vivir aqu\u00ed es distinto a visitarla. El ritmo de vida es lento, realmente lento, y eso puede ser una liberaci\u00f3n o una fuente de frustraci\u00f3n, seg\u00fan c\u00f3mo seas. Los veranos son largos y calurosos, con temperaturas que en algunas zonas del interior superan f\u00e1cilmente los 40 grados. La vida social se desplaza hacia las horas de la tarde-noche: se cena tarde, se sale hasta bien entrada la noche, y <a href=\"https:\/\/inspagna.com\/es\/horarios-espanoles-por-que-se-cena-a-las-diez-de-la-noche\/\">los horarios espa\u00f1oles<\/a> aqu\u00ed se viven en su versi\u00f3n m\u00e1s extrema.<\/p>\n<p>Quien se muda a Andaluc\u00eda, sobre todo a ciudades universitarias como Sevilla o M\u00e1laga, encuentra a menudo un coste de vida m\u00e1s contenido que en Barcelona o Madrid, una sociabilidad natural y una acogida c\u00e1lida. El espa\u00f1ol que se habla aqu\u00ed tiene caracter\u00edsticas fon\u00e9ticas particulares: consonantes que se \u00abcomen\u00bb, un acento muy distinto al castellano est\u00e1ndar. No es un problema, pero al principio puede descolocar.<\/p>\n<h2><span class=\"ez-toc-section\" id=\"Galicia-verde-atlantica-y-tranquila\"><\/span>Galicia: verde, atl\u00e1ntica y tranquila<span class=\"ez-toc-section-end\"><\/span><\/h2>\n<p>Luego est\u00e1 Galicia, que muchos italianos en busca de trabajo o de tranquilidad todav\u00eda infravaloran. Estamos en el \u00e1ngulo noroeste de la pen\u00ednsula ib\u00e9rica: oc\u00e9ano, verde, lluvia frecuente, paisajes que recuerdan m\u00e1s a Irlanda o la Breta\u00f1a que al clich\u00e9 mediterr\u00e1neo. <strong>Es una de las regiones m\u00e1s sorprendentes para quien llega desde la Espa\u00f1a \u00abdel sol\u00bb.<\/strong><\/p>\n<p>Galicia tiene su propia lengua, el <em>galego<\/em>, que no hay que confundir con el espa\u00f1ol y que en la vida cotidiana, en se\u00f1ales, oficinas p\u00fablicas y conversaciones, est\u00e1 absolutamente presente. Para un italiano que llega aqu\u00ed, el gallego puede parecerse m\u00e1s al portugu\u00e9s que al espa\u00f1ol, lo que genera un peque\u00f1o desconcierto a\u00f1adido respecto a otras regiones. Como ocurre <a href=\"https:\/\/inspagna.com\/es\/el-catalan-el-vasco-y-las-otras-lenguas-de-espana\/\">con las otras lenguas regionales de Espa\u00f1a<\/a>, no es necesario aprenderlo para vivir aqu\u00ed, pero respetarlo y reconocerlo tiene mucho peso a nivel social.<\/p>\n<p>Santiago de Compostela es la capital, con todo el peso cultural y espiritual del Camino. Vigo y A Coru\u00f1a son las ciudades m\u00e1s grandes, con econom\u00edas ligadas a la pesca, la industria y, en el caso de Vigo, una presencia industrial significativa. El coste de vida est\u00e1 entre los m\u00e1s bajos de Espa\u00f1a. La cocina, pulpo, mariscos, vinos blancos como el Albari\u00f1o, se encuentra entre las m\u00e1s apreciadas del pa\u00eds.<\/p>\n<h2><span class=\"ez-toc-section\" id=\"Pais-Vasco-eficiencia-identidad-y-una-calidad-de-vida-altisima\"><\/span>Pa\u00eds Vasco: eficiencia, identidad y una calidad de vida alt\u00edsima<span class=\"ez-toc-section-end\"><\/span><\/h2>\n<p>Si Galicia es la Espa\u00f1a atl\u00e1ntica y tranquila, el Pa\u00eds Vasco, <em>Euskadi<\/em> en euskera, es la Espa\u00f1a que funciona. Y lo digo sin iron\u00eda: <strong>Bilbao y San Sebasti\u00e1n ofrecen una calidad de vida dif\u00edcil de igualar<\/strong> en el resto del pa\u00eds. Infraestructuras cuidadas, servicios p\u00fablicos eficientes, ciudades limpias y bien organizadas, un sentido generalizado de civismo que quien llega del sur de Italia, o incluso de ciertas zonas del norte, puede encontrar casi sorprendente.<\/p>\n<p>El Pa\u00eds Vasco cuenta adem\u00e1s con un r\u00e9gimen fiscal especial, el <em>Concierto Econ\u00f3mico<\/em>, que otorga a esta regi\u00f3n una gesti\u00f3n aut\u00f3noma de los impuestos respecto al sistema nacional. Para quien se muda aqu\u00ed como trabajador por cuenta ajena o como aut\u00f3nomo, esto puede tener consecuencias pr\u00e1cticas en la tributaci\u00f3n: un aspecto que conviene estudiar con un gestor local antes de tomar decisiones.<\/p>\n<p>Y luego est\u00e1 el euskera, el vasco: una lengua sin parentesco conocido con ninguna otra lengua del mundo, absolutamente incomprensible tanto para el italiano como para el espa\u00f1ol. No es obligatorio para vivir aqu\u00ed, pero es una parte central de la identidad local. <strong>La identidad vasca es una de las m\u00e1s fuertes y arraigadas de Europa<\/strong>, con una historia pol\u00edtica compleja que todav\u00eda hoy moldea el debate p\u00fablico. Quien se muda aqu\u00ed hace bien en llegar informado, no para tomar partido, sino para entender el contexto en el que vive.<\/p>\n<p>La gastronom\u00eda, aqu\u00ed, es una religi\u00f3n laica. San Sebasti\u00e1n es una de las ciudades con mayor concentraci\u00f3n de restaurantes con estrella Michelin del mundo, y los <em>pintxos<\/em> son una instituci\u00f3n cotidiana. Si ya conoces <a href=\"https:\/\/inspagna.com\/es\/tapas-raciones-y-pinchos-entender-la-cocina-espanola\/\">la diferencia entre tapas y pintxos<\/a>, ya sabes de qu\u00e9 estamos hablando.<\/p>\n<h2><span class=\"ez-toc-section\" id=\"Tres-Espanas-tres-formas-de-vida\"><\/span>Tres Espa\u00f1as, tres formas de vida<span class=\"ez-toc-section-end\"><\/span><\/h2>\n<p>Comparar estas tres regiones no sirve para decir cu\u00e1l es \u00abmejor\u00bb: sirve para entender que <strong>elegir d\u00f3nde vivir en Espa\u00f1a es una decisi\u00f3n identitaria adem\u00e1s de log\u00edstica<\/strong>. Clima, lengua local, ritmo de vida, oportunidades laborales, coste del alquiler, cultura social: todo cambia de forma sustancial de una comunidad a otra.<\/p>\n<p>Un profesional que trabaja en remoto y busca calidad de vida con servicios eficientes encontrar\u00e1 en el Pa\u00eds Vasco o en algunas ciudades catalanas un contexto ideal. Quien prioriza el clima, el bajo coste de vida y una intensa vida social puede sentirse como en casa en Andaluc\u00eda. Quien busca tranquilidad, naturaleza y un lugar todav\u00eda poco \u00abdescubierto\u00bb por los extranjeros puede llevarse una grata sorpresa con Galicia.<\/p>\n<p>No existe la respuesta correcta. Existe la correcta para ti. En estos a\u00f1os he visto a muchos italianos elegir Barcelona o Madrid casi por inercia, porque eran las ciudades \u00abobvias\u00bb, y descubrir solo despu\u00e9s que su sitio estaba en otro lugar. Alguien en Sevilla, alguien en Bilbao, alguien en un pueblo gallego a dos horas del mar.<\/p>\n<h2><span class=\"ez-toc-section\" id=\"Que-tener-en-cuenta-antes-de-elegir\"><\/span>Qu\u00e9 tener en cuenta antes de elegir<span class=\"ez-toc-section-end\"><\/span><\/h2>\n<p>Algunas variables pr\u00e1cticas que cambian de verdad seg\u00fan la regi\u00f3n:<\/p>\n<ul>\n<li><strong>La lengua local<\/strong>: en Catalu\u00f1a, Pa\u00eds Vasco, Galicia y la Comunitat Valenciana hay lenguas cooficiales que encontrar\u00e1s en todas partes en el d\u00eda a d\u00eda. No es un obst\u00e1culo, pero hay que tenerlo en cuenta.<\/li>\n<li><strong>El mercado laboral<\/strong>: muy concentrado en Madrid y Barcelona para ciertos sectores, pero en crecimiento en varias ciudades medianas. Inf\u00f3rmate antes sobre tu profesi\u00f3n concreta.<\/li>\n<li><strong>El coste del alquiler<\/strong>: var\u00eda enormemente. Lo que pagas por un piso de dos habitaciones en Madrid puede darte un apartamento con terraza en Vigo o en Ja\u00e9n.<\/li>\n<li><strong>El clima<\/strong>: no des por sentado que \u00abEspa\u00f1a es c\u00e1lida\u00bb. Galicia llueve con frecuencia, el Pa\u00eds Vasco tiene un clima oce\u00e1nico, y el interior de la meseta tiene inviernos duros.<\/li>\n<li><strong>Las fiestas y la vida social<\/strong>: cada regi\u00f3n tiene sus propias tradiciones, sus propios ritmos, sus propias fechas que marcar en el calendario. <a href=\"https:\/\/inspagna.com\/es\/las-fiestas-espanolas-que-todo-italiano-deberia-vivir\/\">Las fiestas espa\u00f1olas<\/a> no son iguales en todas partes, y algunas de las m\u00e1s intensas y especiales son precisamente las locales.<\/li>\n<\/ul>\n<p>Si todav\u00eda est\u00e1s decidiendo d\u00f3nde mudarte, el primer paso concreto es visitar las regiones que te atraen, no como turista, sino como posible residente. Si\u00e9ntate en un bar un martes por la ma\u00f1ana, observa qui\u00e9n entra y c\u00f3mo habla, haz cuentas con los alquileres, pregunta a alguien que viva all\u00ed. La Espa\u00f1a que te espera puede ser muy distinta de la que imaginas, y mucho m\u00e1s adecuada para ti de lo que crees.<\/p>\n","protected":false},"excerpt":{"rendered":"<p>Cuando se habla de mudarse a Espa\u00f1a, tendemos a imaginar el pa\u00eds como un bloque uniforme. Un clima, una lengua, un estilo de vida. Pero quien lleva un tiempo viviendo aqu\u00ed lo sabe bien: ir de Sevilla a San Sebasti\u00e1n puede dar la sensaci\u00f3n de cambiar de pa\u00eds por completo. Espa\u00f1a es, en realidad, un [&hellip;]<\/p>\n","protected":false},"author":1,"featured_media":777,"comment_status":"open","ping_status":"open","sticky":false,"template":"","format":"standard","meta":{"footnotes":""},"categories":[27],"tags":[],"class_list":["post-779","post","type-post","status-publish","format-standard","has-post-thumbnail","hentry","category-cultura-costumbres"],"yoast_head":"<!-- This site is optimized with the Yoast SEO plugin v28.2 - https:\/\/yoast.com\/product\/yoast-seo-wordpress\/ -->\n<title>Las tres Espa\u00f1as que debes conocer: Andaluc\u00eda, Galicia y Pa\u00eds Vasco<\/title>\n<meta name=\"description\" content=\"Andaluc\u00eda, Galicia y Pa\u00eds Vasco: tres caras de Espa\u00f1a tan distintas que parecen pa\u00edses diferentes. Descubre qu\u00e9 hace \u00fanica a cada regi\u00f3n.\" \/>\n<meta name=\"robots\" content=\"index, follow, max-snippet:-1, max-image-preview:large, max-video-preview:-1\" \/>\n<link rel=\"canonical\" href=\"https:\/\/inspagna.com\/es\/andalucia-galicia-pais-vasco-las-espanas-que-no-se-parecen-entre-si\/\" \/>\n<meta property=\"og:locale\" content=\"es_ES\" \/>\n<meta property=\"og:type\" content=\"article\" \/>\n<meta property=\"og:title\" content=\"Las tres Espa\u00f1as que debes conocer: Andaluc\u00eda, Galicia y Pa\u00eds Vasco\" \/>\n<meta property=\"og:description\" content=\"Andaluc\u00eda, Galicia y Pa\u00eds Vasco: tres caras de Espa\u00f1a tan distintas que parecen pa\u00edses diferentes. Descubre qu\u00e9 hace \u00fanica a cada regi\u00f3n.\" \/>\n<meta property=\"og:url\" content=\"https:\/\/inspagna.com\/es\/andalucia-galicia-pais-vasco-las-espanas-que-no-se-parecen-entre-si\/\" \/>\n<meta property=\"og:site_name\" content=\"In Spagna\" \/>\n<meta property=\"article:published_time\" content=\"2026-09-06T06:02:55+00:00\" \/>\n<meta property=\"og:image\" content=\"https:\/\/inspagna.com\/wp-content\/uploads\/2026\/09\/spanish-landscape-countryside.jpg\" \/>\n\t<meta property=\"og:image:width\" content=\"940\" \/>\n\t<meta property=\"og:image:height\" content=\"627\" \/>\n\t<meta property=\"og:image:type\" content=\"image\/jpeg\" \/>\n<meta name=\"author\" content=\"Erick Canale\" \/>\n<meta name=\"twitter:card\" content=\"summary_large_image\" \/>\n<meta name=\"twitter:label1\" content=\"Escrito por\" \/>\n\t<meta name=\"twitter:data1\" content=\"Erick Canale\" \/>\n\t<meta name=\"twitter:label2\" content=\"Tiempo de lectura\" \/>\n\t<meta name=\"twitter:data2\" content=\"7 minutos\" \/>\n<script type=\"application\/ld+json\" class=\"yoast-schema-graph\">{\"@context\":\"https:\\\/\\\/schema.org\",\"@graph\":[{\"@type\":\"Article\",\"@id\":\"https:\\\/\\\/inspagna.com\\\/es\\\/andalucia-galicia-pais-vasco-las-espanas-que-no-se-parecen-entre-si\\\/#article\",\"isPartOf\":{\"@id\":\"https:\\\/\\\/inspagna.com\\\/es\\\/andalucia-galicia-pais-vasco-las-espanas-que-no-se-parecen-entre-si\\\/\"},\"author\":{\"name\":\"Erick Canale\",\"@id\":\"https:\\\/\\\/inspagna.com\\\/#\\\/schema\\\/person\\\/de6fbca5c6be2dd26449a776e12c3558\"},\"headline\":\"Andaluc\u00eda, Galicia, Pa\u00eds Vasco: las Espa\u00f1as que no se parecen entre s\u00ed\",\"datePublished\":\"2026-09-06T06:02:55+00:00\",\"mainEntityOfPage\":{\"@id\":\"https:\\\/\\\/inspagna.com\\\/es\\\/andalucia-galicia-pais-vasco-las-espanas-que-no-se-parecen-entre-si\\\/\"},\"wordCount\":1515,\"commentCount\":0,\"image\":{\"@id\":\"https:\\\/\\\/inspagna.com\\\/es\\\/andalucia-galicia-pais-vasco-las-espanas-que-no-se-parecen-entre-si\\\/#primaryimage\"},\"thumbnailUrl\":\"https:\\\/\\\/inspagna.com\\\/wp-content\\\/uploads\\\/2026\\\/09\\\/spanish-landscape-countryside.jpg\",\"articleSection\":[\"Culturas y Costumbres\"],\"inLanguage\":\"es\",\"potentialAction\":[{\"@type\":\"CommentAction\",\"name\":\"Comment\",\"target\":[\"https:\\\/\\\/inspagna.com\\\/es\\\/andalucia-galicia-pais-vasco-las-espanas-que-no-se-parecen-entre-si\\\/#respond\"]}]},{\"@type\":\"WebPage\",\"@id\":\"https:\\\/\\\/inspagna.com\\\/es\\\/andalucia-galicia-pais-vasco-las-espanas-que-no-se-parecen-entre-si\\\/\",\"url\":\"https:\\\/\\\/inspagna.com\\\/es\\\/andalucia-galicia-pais-vasco-las-espanas-que-no-se-parecen-entre-si\\\/\",\"name\":\"Las tres Espa\u00f1as que debes conocer: Andaluc\u00eda, Galicia y Pa\u00eds Vasco\",\"isPartOf\":{\"@id\":\"https:\\\/\\\/inspagna.com\\\/#website\"},\"primaryImageOfPage\":{\"@id\":\"https:\\\/\\\/inspagna.com\\\/es\\\/andalucia-galicia-pais-vasco-las-espanas-que-no-se-parecen-entre-si\\\/#primaryimage\"},\"image\":{\"@id\":\"https:\\\/\\\/inspagna.com\\\/es\\\/andalucia-galicia-pais-vasco-las-espanas-que-no-se-parecen-entre-si\\\/#primaryimage\"},\"thumbnailUrl\":\"https:\\\/\\\/inspagna.com\\\/wp-content\\\/uploads\\\/2026\\\/09\\\/spanish-landscape-countryside.jpg\",\"datePublished\":\"2026-09-06T06:02:55+00:00\",\"author\":{\"@id\":\"https:\\\/\\\/inspagna.com\\\/#\\\/schema\\\/person\\\/de6fbca5c6be2dd26449a776e12c3558\"},\"description\":\"Andaluc\u00eda, Galicia y Pa\u00eds Vasco: tres caras de Espa\u00f1a tan distintas que parecen pa\u00edses diferentes. Descubre qu\u00e9 hace \u00fanica a cada regi\u00f3n.\",\"breadcrumb\":{\"@id\":\"https:\\\/\\\/inspagna.com\\\/es\\\/andalucia-galicia-pais-vasco-las-espanas-que-no-se-parecen-entre-si\\\/#breadcrumb\"},\"inLanguage\":\"es\",\"potentialAction\":[{\"@type\":\"ReadAction\",\"target\":[\"https:\\\/\\\/inspagna.com\\\/es\\\/andalucia-galicia-pais-vasco-las-espanas-que-no-se-parecen-entre-si\\\/\"]}]},{\"@type\":\"ImageObject\",\"inLanguage\":\"es\",\"@id\":\"https:\\\/\\\/inspagna.com\\\/es\\\/andalucia-galicia-pais-vasco-las-espanas-que-no-se-parecen-entre-si\\\/#primaryimage\",\"url\":\"https:\\\/\\\/inspagna.com\\\/wp-content\\\/uploads\\\/2026\\\/09\\\/spanish-landscape-countryside.jpg\",\"contentUrl\":\"https:\\\/\\\/inspagna.com\\\/wp-content\\\/uploads\\\/2026\\\/09\\\/spanish-landscape-countryside.jpg\",\"width\":940,\"height\":627,\"caption\":\"Foto di Liisbet Luup su Pexels\"},{\"@type\":\"BreadcrumbList\",\"@id\":\"https:\\\/\\\/inspagna.com\\\/es\\\/andalucia-galicia-pais-vasco-las-espanas-que-no-se-parecen-entre-si\\\/#breadcrumb\",\"itemListElement\":[{\"@type\":\"ListItem\",\"position\":1,\"name\":\"Home\",\"item\":\"https:\\\/\\\/inspagna.com\\\/es\\\/\"},{\"@type\":\"ListItem\",\"position\":2,\"name\":\"Andaluc\u00eda, Galicia, Pa\u00eds Vasco: las Espa\u00f1as que no se parecen entre s\u00ed\"}]},{\"@type\":\"WebSite\",\"@id\":\"https:\\\/\\\/inspagna.com\\\/#website\",\"url\":\"https:\\\/\\\/inspagna.com\\\/\",\"name\":\"In Spagna\",\"description\":\"Dall&#039;Italia alla Spagna\",\"potentialAction\":[{\"@type\":\"SearchAction\",\"target\":{\"@type\":\"EntryPoint\",\"urlTemplate\":\"https:\\\/\\\/inspagna.com\\\/?s={search_term_string}\"},\"query-input\":{\"@type\":\"PropertyValueSpecification\",\"valueRequired\":true,\"valueName\":\"search_term_string\"}}],\"inLanguage\":\"es\"},{\"@type\":\"Person\",\"@id\":\"https:\\\/\\\/inspagna.com\\\/#\\\/schema\\\/person\\\/de6fbca5c6be2dd26449a776e12c3558\",\"name\":\"Erick Canale\",\"image\":{\"@type\":\"ImageObject\",\"inLanguage\":\"es\",\"@id\":\"https:\\\/\\\/inspagna.com\\\/wp-content\\\/uploads\\\/2026\\\/08\\\/ERICK-CANALE.jpg\",\"url\":\"https:\\\/\\\/inspagna.com\\\/wp-content\\\/uploads\\\/2026\\\/08\\\/ERICK-CANALE.jpg\",\"contentUrl\":\"https:\\\/\\\/inspagna.com\\\/wp-content\\\/uploads\\\/2026\\\/08\\\/ERICK-CANALE.jpg\",\"caption\":\"Erick Canale\"},\"description\":\"Nato a Cuneo e si \u00e8 trasferito in Spagna oltre ventidue anni fa: prima Barcellona, dove ha vissuto quattordici anni, dal 2018 vive a Madrid. Dopo un percorso da dipendente in una multinazionale italiana, da quindici anni dirige JEZZ Media, agenzia di marketing online. La burocrazia spagnola l'ha attraversata tutta, di persona.\",\"sameAs\":[\"https:\\\/\\\/erickcanale.com\",\"https:\\\/\\\/www.instagram.com\\\/erickcanale\",\"https:\\\/\\\/www.linkedin.com\\\/in\\\/erickcanale\\\/?originalSubdomain=es\",\"https:\\\/\\\/www.youtube.com\\\/channel\\\/UC_I9iKi9Th8qBKrbE_kZkeQ\"],\"url\":\"https:\\\/\\\/inspagna.com\\\/es\\\/author\\\/1nspagnaadmin\\\/\"}]}<\/script>\n<!-- \/ Yoast SEO plugin. -->","yoast_head_json":{"title":"Las tres Espa\u00f1as que debes conocer: Andaluc\u00eda, Galicia y Pa\u00eds Vasco","description":"Andaluc\u00eda, Galicia y Pa\u00eds Vasco: tres caras de Espa\u00f1a tan distintas que parecen pa\u00edses diferentes. Descubre qu\u00e9 hace \u00fanica a cada regi\u00f3n.","robots":{"index":"index","follow":"follow","max-snippet":"max-snippet:-1","max-image-preview":"max-image-preview:large","max-video-preview":"max-video-preview:-1"},"canonical":"https:\/\/inspagna.com\/es\/andalucia-galicia-pais-vasco-las-espanas-que-no-se-parecen-entre-si\/","og_locale":"es_ES","og_type":"article","og_title":"Las tres Espa\u00f1as que debes conocer: Andaluc\u00eda, Galicia y Pa\u00eds Vasco","og_description":"Andaluc\u00eda, Galicia y Pa\u00eds Vasco: tres caras de Espa\u00f1a tan distintas que parecen pa\u00edses diferentes. Descubre qu\u00e9 hace \u00fanica a cada regi\u00f3n.","og_url":"https:\/\/inspagna.com\/es\/andalucia-galicia-pais-vasco-las-espanas-que-no-se-parecen-entre-si\/","og_site_name":"In Spagna","article_published_time":"2026-09-06T06:02:55+00:00","og_image":[{"width":940,"height":627,"url":"https:\/\/inspagna.com\/wp-content\/uploads\/2026\/09\/spanish-landscape-countryside.jpg","type":"image\/jpeg"}],"author":"Erick Canale","twitter_card":"summary_large_image","twitter_misc":{"Escrito por":"Erick Canale","Tiempo de lectura":"7 minutos"},"schema":{"@context":"https:\/\/schema.org","@graph":[{"@type":"Article","@id":"https:\/\/inspagna.com\/es\/andalucia-galicia-pais-vasco-las-espanas-que-no-se-parecen-entre-si\/#article","isPartOf":{"@id":"https:\/\/inspagna.com\/es\/andalucia-galicia-pais-vasco-las-espanas-que-no-se-parecen-entre-si\/"},"author":{"name":"Erick Canale","@id":"https:\/\/inspagna.com\/#\/schema\/person\/de6fbca5c6be2dd26449a776e12c3558"},"headline":"Andaluc\u00eda, Galicia, Pa\u00eds Vasco: las Espa\u00f1as que no se parecen entre s\u00ed","datePublished":"2026-09-06T06:02:55+00:00","mainEntityOfPage":{"@id":"https:\/\/inspagna.com\/es\/andalucia-galicia-pais-vasco-las-espanas-que-no-se-parecen-entre-si\/"},"wordCount":1515,"commentCount":0,"image":{"@id":"https:\/\/inspagna.com\/es\/andalucia-galicia-pais-vasco-las-espanas-que-no-se-parecen-entre-si\/#primaryimage"},"thumbnailUrl":"https:\/\/inspagna.com\/wp-content\/uploads\/2026\/09\/spanish-landscape-countryside.jpg","articleSection":["Culturas y Costumbres"],"inLanguage":"es","potentialAction":[{"@type":"CommentAction","name":"Comment","target":["https:\/\/inspagna.com\/es\/andalucia-galicia-pais-vasco-las-espanas-que-no-se-parecen-entre-si\/#respond"]}]},{"@type":"WebPage","@id":"https:\/\/inspagna.com\/es\/andalucia-galicia-pais-vasco-las-espanas-que-no-se-parecen-entre-si\/","url":"https:\/\/inspagna.com\/es\/andalucia-galicia-pais-vasco-las-espanas-que-no-se-parecen-entre-si\/","name":"Las tres Espa\u00f1as que debes conocer: Andaluc\u00eda, Galicia y Pa\u00eds Vasco","isPartOf":{"@id":"https:\/\/inspagna.com\/#website"},"primaryImageOfPage":{"@id":"https:\/\/inspagna.com\/es\/andalucia-galicia-pais-vasco-las-espanas-que-no-se-parecen-entre-si\/#primaryimage"},"image":{"@id":"https:\/\/inspagna.com\/es\/andalucia-galicia-pais-vasco-las-espanas-que-no-se-parecen-entre-si\/#primaryimage"},"thumbnailUrl":"https:\/\/inspagna.com\/wp-content\/uploads\/2026\/09\/spanish-landscape-countryside.jpg","datePublished":"2026-09-06T06:02:55+00:00","author":{"@id":"https:\/\/inspagna.com\/#\/schema\/person\/de6fbca5c6be2dd26449a776e12c3558"},"description":"Andaluc\u00eda, Galicia y Pa\u00eds Vasco: tres caras de Espa\u00f1a tan distintas que parecen pa\u00edses diferentes. Descubre qu\u00e9 hace \u00fanica a cada regi\u00f3n.","breadcrumb":{"@id":"https:\/\/inspagna.com\/es\/andalucia-galicia-pais-vasco-las-espanas-que-no-se-parecen-entre-si\/#breadcrumb"},"inLanguage":"es","potentialAction":[{"@type":"ReadAction","target":["https:\/\/inspagna.com\/es\/andalucia-galicia-pais-vasco-las-espanas-que-no-se-parecen-entre-si\/"]}]},{"@type":"ImageObject","inLanguage":"es","@id":"https:\/\/inspagna.com\/es\/andalucia-galicia-pais-vasco-las-espanas-que-no-se-parecen-entre-si\/#primaryimage","url":"https:\/\/inspagna.com\/wp-content\/uploads\/2026\/09\/spanish-landscape-countryside.jpg","contentUrl":"https:\/\/inspagna.com\/wp-content\/uploads\/2026\/09\/spanish-landscape-countryside.jpg","width":940,"height":627,"caption":"Foto di Liisbet Luup su Pexels"},{"@type":"BreadcrumbList","@id":"https:\/\/inspagna.com\/es\/andalucia-galicia-pais-vasco-las-espanas-que-no-se-parecen-entre-si\/#breadcrumb","itemListElement":[{"@type":"ListItem","position":1,"name":"Home","item":"https:\/\/inspagna.com\/es\/"},{"@type":"ListItem","position":2,"name":"Andaluc\u00eda, Galicia, Pa\u00eds Vasco: las Espa\u00f1as que no se parecen entre s\u00ed"}]},{"@type":"WebSite","@id":"https:\/\/inspagna.com\/#website","url":"https:\/\/inspagna.com\/","name":"In Spagna","description":"Dall&#039;Italia alla Spagna","potentialAction":[{"@type":"SearchAction","target":{"@type":"EntryPoint","urlTemplate":"https:\/\/inspagna.com\/?s={search_term_string}"},"query-input":{"@type":"PropertyValueSpecification","valueRequired":true,"valueName":"search_term_string"}}],"inLanguage":"es"},{"@type":"Person","@id":"https:\/\/inspagna.com\/#\/schema\/person\/de6fbca5c6be2dd26449a776e12c3558","name":"Erick Canale","image":{"@type":"ImageObject","inLanguage":"es","@id":"https:\/\/inspagna.com\/wp-content\/uploads\/2026\/08\/ERICK-CANALE.jpg","url":"https:\/\/inspagna.com\/wp-content\/uploads\/2026\/08\/ERICK-CANALE.jpg","contentUrl":"https:\/\/inspagna.com\/wp-content\/uploads\/2026\/08\/ERICK-CANALE.jpg","caption":"Erick Canale"},"description":"Nato a Cuneo e si \u00e8 trasferito in Spagna oltre ventidue anni fa: prima Barcellona, dove ha vissuto quattordici anni, dal 2018 vive a Madrid. Dopo un percorso da dipendente in una multinazionale italiana, da quindici anni dirige JEZZ Media, agenzia di marketing online. La burocrazia spagnola l'ha attraversata tutta, di persona.","sameAs":["https:\/\/erickcanale.com","https:\/\/www.instagram.com\/erickcanale","https:\/\/www.linkedin.com\/in\/erickcanale\/?originalSubdomain=es","https:\/\/www.youtube.com\/channel\/UC_I9iKi9Th8qBKrbE_kZkeQ"],"url":"https:\/\/inspagna.com\/es\/author\/1nspagnaadmin\/"}]}},"_links":{"self":[{"href":"https:\/\/inspagna.com\/es\/wp-json\/wp\/v2\/posts\/779","targetHints":{"allow":["GET"]}}],"collection":[{"href":"https:\/\/inspagna.com\/es\/wp-json\/wp\/v2\/posts"}],"about":[{"href":"https:\/\/inspagna.com\/es\/wp-json\/wp\/v2\/types\/post"}],"author":[{"embeddable":true,"href":"https:\/\/inspagna.com\/es\/wp-json\/wp\/v2\/users\/1"}],"replies":[{"embeddable":true,"href":"https:\/\/inspagna.com\/es\/wp-json\/wp\/v2\/comments?post=779"}],"version-history":[{"count":0,"href":"https:\/\/inspagna.com\/es\/wp-json\/wp\/v2\/posts\/779\/revisions"}],"wp:featuredmedia":[{"embeddable":true,"href":"https:\/\/inspagna.com\/es\/wp-json\/wp\/v2\/media\/777"}],"wp:attachment":[{"href":"https:\/\/inspagna.com\/es\/wp-json\/wp\/v2\/media?parent=779"}],"wp:term":[{"taxonomy":"category","embeddable":true,"href":"https:\/\/inspagna.com\/es\/wp-json\/wp\/v2\/categories?post=779"},{"taxonomy":"post_tag","embeddable":true,"href":"https:\/\/inspagna.com\/es\/wp-json\/wp\/v2\/tags?post=779"}],"curies":[{"name":"wp","href":"https:\/\/api.w.org\/{rel}","templated":true}]}}