{"id":767,"date":"2026-09-04T16:02:56","date_gmt":"2026-09-04T14:02:56","guid":{"rendered":"https:\/\/inspagna.com\/ceuta-y-melilla-donde-estan-y-cual-es-su-historia\/"},"modified":"2026-09-04T16:02:56","modified_gmt":"2026-09-04T14:02:56","slug":"ceuta-y-melilla-donde-estan-y-cual-es-su-historia","status":"publish","type":"post","link":"https:\/\/inspagna.com\/es\/ceuta-y-melilla-donde-estan-y-cual-es-su-historia\/","title":{"rendered":"Ceuta y Melilla: d\u00f3nde est\u00e1n y cu\u00e1l es su historia"},"content":{"rendered":"<p>Est\u00e1s estudiando Espa\u00f1a en el mapa y de repente te topas con dos nombres que no esperabas: Ceuta y Melilla. No son islas, no est\u00e1n en Europa, y sin embargo son Espa\u00f1a a todos los efectos \u2014 con la bandera, el euro, la Constituci\u00f3n e incluso Schengen. Se encuentran en la costa norte de Marruecos, separadas de la Pen\u00ednsula Ib\u00e9rica por algunas decenas de kil\u00f3metros de Mediterr\u00e1neo y Estrecho de Gibraltar. Es una de esas particularidades de Espa\u00f1a que, si no las conoces, te dejan desconcertado. Y que, si las conoces, te cuentan much\u00edsimo sobre c\u00f3mo se ha formado este pa\u00eds.<\/p><div id=\"ez-toc-container\" class=\"ez-toc-v2_0_86 counter-hierarchy ez-toc-counter ez-toc-custom ez-toc-container-direction\">\n<div class=\"ez-toc-box-title\">In questo articolo<\/div>\n<div class=\"ez-toc-title-container\">\n<span class=\"ez-toc-title-toggle\"><\/span><\/div>\n<nav><ul class='ez-toc-list ez-toc-list-level-1 ' ><li class='ez-toc-page-1 ez-toc-heading-level-2'><a class=\"ez-toc-link ez-toc-heading-1\" href=\"https:\/\/inspagna.com\/es\/ceuta-y-melilla-donde-estan-y-cual-es-su-historia\/#Dos-ciudades-europeas-en-Africa\" >Dos ciudades europeas en \u00c1frica<\/a><\/li><li class='ez-toc-page-1 ez-toc-heading-level-2'><a class=\"ez-toc-link ez-toc-heading-2\" href=\"https:\/\/inspagna.com\/es\/ceuta-y-melilla-donde-estan-y-cual-es-su-historia\/#La-historia-como-se-convirtieron-en-espanolas\" >La historia: c\u00f3mo se convirtieron en espa\u00f1olas<\/a><\/li><li class='ez-toc-page-1 ez-toc-heading-level-2'><a class=\"ez-toc-link ez-toc-heading-3\" href=\"https:\/\/inspagna.com\/es\/ceuta-y-melilla-donde-estan-y-cual-es-su-historia\/#Una-convivencia-plural-lenguas-culturas-religiones\" >Una convivencia plural: lenguas, culturas, religiones<\/a><\/li><li class='ez-toc-page-1 ez-toc-heading-level-2'><a class=\"ez-toc-link ez-toc-heading-4\" href=\"https:\/\/inspagna.com\/es\/ceuta-y-melilla-donde-estan-y-cual-es-su-historia\/#La-frontera-el-punto-mas-caliente\" >La frontera: el punto m\u00e1s caliente<\/a><\/li><li class='ez-toc-page-1 ez-toc-heading-level-2'><a class=\"ez-toc-link ez-toc-heading-5\" href=\"https:\/\/inspagna.com\/es\/ceuta-y-melilla-donde-estan-y-cual-es-su-historia\/#Ceuta-y-Melilla-hoy\" >Ceuta y Melilla hoy<\/a><\/li><li class='ez-toc-page-1 ez-toc-heading-level-2'><a class=\"ez-toc-link ez-toc-heading-6\" href=\"https:\/\/inspagna.com\/es\/ceuta-y-melilla-donde-estan-y-cual-es-su-historia\/#Por-que-merece-la-pena-conocerlas\" >Por qu\u00e9 merece la pena conocerlas<\/a><\/li><\/ul><\/nav><\/div>\n\n<h2><span class=\"ez-toc-section\" id=\"Dos-ciudades-europeas-en-Africa\"><\/span>Dos ciudades europeas en \u00c1frica<span class=\"ez-toc-section-end\"><\/span><\/h2>\n<p>Ceuta y Melilla son dos ciudades aut\u00f3nomas espa\u00f1olas enclavadas en el territorio del norte de Marruecos. <strong>No son regiones, no son colonias, no son bases militares<\/strong>: son ciudades aut\u00f3nomas con estatuto especial, como una provincia propia, con sus \u00f3rganos de gobierno, sus diputados en el Parlamento nacional y todos los derechos de los ciudadanos espa\u00f1oles \u2014 y por tanto europeos.<\/p>\n<p>Ceuta se asoma al Estrecho de Gibraltar, a menos de veinte kil\u00f3metros de las costas andaluzas. Melilla se encuentra m\u00e1s al este, a lo largo de la costa mediterr\u00e1nea de Marruecos, rodeada por la regi\u00f3n de Nador. Las dos ciudades no comparten frontera entre s\u00ed: las separan cientos de kil\u00f3metros de territorio marroqu\u00ed. Y sin embargo comparten una historia, un estatuto y una condici\u00f3n geopol\u00edtica \u00fanica en Europa \u2014 y por eso casi siempre se citan juntas, como si fueran una sola realidad.<\/p>\n<p>Una curiosidad que a menudo sorprende: <strong>haber nacido como enclaves ha moldeado con el tiempo una cultura local muy espec\u00edfica<\/strong>, distinta tanto de la peninsular como de la marroqu\u00ed. Ceuta y Melilla son lugares de convivencia \u2014 no siempre f\u00e1cil, pero real \u2014 entre culturas, lenguas y religiones diferentes.<\/p>\n<h2><span class=\"ez-toc-section\" id=\"La-historia-como-se-convirtieron-en-espanolas\"><\/span>La historia: c\u00f3mo se convirtieron en espa\u00f1olas<span class=\"ez-toc-section-end\"><\/span><\/h2>\n<p>Para entender por qu\u00e9 estas dos ciudades son espa\u00f1olas hay que remontarse a los siglos XV y XVI, cuando la Pen\u00ednsula Ib\u00e9rica era una potencia de primer orden en el Mediterr\u00e1neo y el Atl\u00e1ntico, y el control de las rutas comerciales y de los accesos al Estrecho de Gibraltar val\u00eda tanto como el oro.<\/p>\n<p>Ceuta fue conquistada por los portugueses en 1415 \u2014 una fecha que muchos historiadores se\u00f1alan como el inicio del expansionismo europeo moderno. Cuando en 1580 la corona portuguesa pas\u00f3 a manos de Felipe II de Espa\u00f1a, Ceuta la sigui\u00f3. Y cuando en 1640 Portugal volvi\u00f3 a separarse de Espa\u00f1a, Ceuta permaneci\u00f3 espa\u00f1ola \u2014 tambi\u00e9n por decisi\u00f3n de sus propios habitantes. <strong>El Tratado de Lisboa de 1668 sancion\u00f3 oficialmente la soberan\u00eda espa\u00f1ola sobre Ceuta.<\/strong><\/p>\n<p>Melilla tiene una historia algo diferente. Fue tomada por la Corona de Castilla en 1497, pocos a\u00f1os despu\u00e9s del fin de la Reconquista, en un momento en que Espa\u00f1a buscaba extender su influencia sobre las costas norteafricanas para protegerse de las incursiones de los piratas berberiscos y controlar las rutas comerciales del Mediterr\u00e1neo. Desde entonces no ha dejado de ser espa\u00f1ola.<\/p>\n<p>Marruecos, independiente desde 1956, reivindica la soberan\u00eda sobre ambas ciudades. La cuesti\u00f3n sigue abierta en el plano diplom\u00e1tico, pero Espa\u00f1a considera el debate no negociable: Ceuta y Melilla forman parte del territorio nacional tanto como Madrid o Sevilla. Si te interesa entender lo profundas que son las ra\u00edces hist\u00f3ricas de estas tensiones, vale la pena leer algo sobre la <a href=\"https:\/\/inspagna.com\/es\/el-catalan-el-vasco-y-las-otras-lenguas-de-espana\/\">complejidad identitaria espa\u00f1ola<\/a>, que no solo ata\u00f1e a las lenguas sino que se extiende a las din\u00e1micas territoriales en un sentido m\u00e1s amplio.<\/p>\n<h2><span class=\"ez-toc-section\" id=\"Una-convivencia-plural-lenguas-culturas-religiones\"><\/span>Una convivencia plural: lenguas, culturas, religiones<span class=\"ez-toc-section-end\"><\/span><\/h2>\n<p>Vivir en Ceuta o Melilla significa estar cada d\u00eda en un cruce de caminos. La lengua oficial es el espa\u00f1ol, pero en las calles tambi\u00e9n se escuchan el darija (el \u00e1rabe marroqu\u00ed), el bereber y en Melilla tambi\u00e9n el chelja, una variante bereb\u00e9fona local. En Ceuta existe una comunidad portuguesa hist\u00f3ricamente arraigada.<\/p>\n<p><strong>La composici\u00f3n religiosa es igualmente variada.<\/strong> Junto a la mayor\u00eda cristiana, ambas ciudades cuentan con comunidades musulmanas significativas \u2014 asentadas a lo largo de los siglos \u2014 adem\u00e1s de peque\u00f1as comunidades jud\u00edas e hinduistas. No se trata de multiculturalismo de importaci\u00f3n reciente: es una estratificaci\u00f3n secular, cimentada por generaciones de convivencia e intercambios cotidianos.<\/p>\n<p>Esta pluralidad cultural se refleja tambi\u00e9n en la gastronom\u00eda, en las fiestas civiles y religiosas celebradas codo a codo, en una arquitectura que mezcla elementos ib\u00e9ricos, \u00e1rabes y coloniales. Ceuta y Melilla se parecen, en cierto modo, a un laboratorio vivo de coexistencia \u2014 con todas las tensiones que eso puede implicar, pero tambi\u00e9n con una normalidad cotidiana que desde fuera se tiende a no ver.<\/p>\n<h2><span class=\"ez-toc-section\" id=\"La-frontera-el-punto-mas-caliente\"><\/span>La frontera: el punto m\u00e1s caliente<span class=\"ez-toc-section-end\"><\/span><\/h2>\n<p>Lo que hace conocidas a Ceuta y Melilla m\u00e1s all\u00e1 de Espa\u00f1a es sobre todo la frontera. Estas dos ciudades son los \u00fanicos tramos de frontera terrestre entre la Uni\u00f3n Europea y el continente africano. <strong>Esto las sit\u00faa en el centro de uno de los nudos migratorios m\u00e1s delicados de Europa.<\/strong><\/p>\n<p>Las vallas que separan las dos ciudades de Marruecos han sido objeto de atenci\u00f3n internacional durante las \u00faltimas d\u00e9cadas. La frontera no es solo una l\u00ednea en el mapa: es un lugar donde se concentran presiones demogr\u00e1ficas, pol\u00edticas y econ\u00f3micas que afectan a toda la Uni\u00f3n Europea. Las crisis en los pasos fronterizos \u2014 especialmente en Ceuta \u2014 han dominado peri\u00f3dicamente los informativos europeos.<\/p>\n<p>En el plano econ\u00f3mico, durante a\u00f1os ambas ciudades se han beneficiado de un r\u00e9gimen fiscal m\u00e1s favorable que el de la Pen\u00ednsula: el IVA no se aplica como en el resto de Espa\u00f1a, y esto ha generado un floreciente comercio fronterizo con Marruecos. Un esquema similar \u2014 en l\u00f3gica, no en estructura \u2014 al de algunas zonas francas europeas, pensado para compensar la posici\u00f3n geogr\u00e1fica aislada.<\/p>\n<h2><span class=\"ez-toc-section\" id=\"Ceuta-y-Melilla-hoy\"><\/span>Ceuta y Melilla hoy<span class=\"ez-toc-section-end\"><\/span><\/h2>\n<p>Desde el punto de vista administrativo, <strong>ambas ciudades tienen el estatus de Ciudad Aut\u00f3noma<\/strong>, introducido con estatutos aprobados en 1995. No son provincias en el sentido cl\u00e1sico, pero tampoco tienen la estructura de una comunidad aut\u00f3noma como el Pa\u00eds Vasco o Catalu\u00f1a. Cuentan con una Asamblea local y un Presidente de la Ciudad, y env\u00edan representantes tanto al Congreso de los Diputados como al Senado.<\/p>\n<p>Son parte integrante de la Uni\u00f3n Europea \u2014 y por tanto del espacio Schengen \u2014 lo que las convierte, parad\u00f3jicamente, en la \u00fanica puerta de acceso terrestre a Europa desde el continente africano. Quien llega desde Ceuta o Melilla est\u00e1 t\u00e9cnicamente ya en Europa, con todas las implicaciones legales que eso conlleva en materia de asilo e inmigraci\u00f3n.<\/p>\n<p>En cuanto a la vida cotidiana, quienes viven all\u00ed describen ciudades compactas, con una fuerte identidad local y un sentido de comunidad muy marcado \u2014 propio de los lugares que han tenido que lidiar con su propia particularidad durante siglos. Un poco como ocurre en ciertos rincones de Espa\u00f1a donde la <a href=\"https:\/\/inspagna.com\/es\/las-fiestas-espanolas-que-todo-italiano-deberia-vivir\/\">vida colectiva y las fiestas<\/a> se convierten en un v\u00ednculo identitario m\u00e1s fuerte que cualquier documento oficial.<\/p>\n<h2><span class=\"ez-toc-section\" id=\"Por-que-merece-la-pena-conocerlas\"><\/span>Por qu\u00e9 merece la pena conocerlas<span class=\"ez-toc-section-end\"><\/span><\/h2>\n<p>Para un italiano que se traslada a Espa\u00f1a, Ceuta y Melilla no son un destino probable \u2014 son ciudades peque\u00f1as, con un mercado laboral limitado y una posici\u00f3n geogr\u00e1fica que las aleja de los principales flujos migratorios desde Italia. Pero conocerlas, aunque sea sobre el papel, ayuda a entender mejor el pa\u00eds en el que has elegido vivir.<\/p>\n<p><strong>Espa\u00f1a no es solo la Pen\u00ednsula Ib\u00e9rica y las islas<\/strong> \u2014 Baleares y Canarias. Es un territorio con una historia estratificada y a veces sorprendente, que incluye presidios africanos, reivindicaciones territoriales abiertas y una variedad cultural que va mucho m\u00e1s all\u00e1 de los t\u00f3picos del flamenco y la paella. Tambi\u00e9n la <a href=\"https:\/\/inspagna.com\/es\/la-movida-como-funciona-la-vida-nocturna-espanola\/\">vida social espa\u00f1ola<\/a>, en sus formas m\u00e1s diversas, se construye sobre este entramado de identidades que no siempre se ve desde la superficie.<\/p>\n<p>Entender la geograf\u00eda pol\u00edtica de Espa\u00f1a \u2014 incluidos sus rincones menos evidentes \u2014 es una de las formas m\u00e1s eficaces de dejar de tratarla como un destino y empezar a conocerla como un pa\u00eds. Y es exactamente desde ah\u00ed donde comienza una mudanza que funciona de verdad.<\/p>\n<p>Si est\u00e1s planificando tu llegada a Espa\u00f1a y quieres orientarte mejor entre sus regiones, sus lenguas y sus ritmos, empieza a explorar el blog: encontrar\u00e1s gu\u00edas pr\u00e1cticas sobre cada aspecto de la vida aqu\u00ed, desde los tr\u00e1mites hasta la cultura. Un buen punto de partida, por ejemplo, es entender <a href=\"https:\/\/inspagna.com\/es\/horarios-espanoles-por-que-se-cena-a-las-diez-de-la-noche\/\">c\u00f3mo funcionan los horarios espa\u00f1oles<\/a> \u2014 porque entender los ritmos cotidianos es a menudo el primer paso real para sentirte en casa.<\/p>\n","protected":false},"excerpt":{"rendered":"<p>Est\u00e1s estudiando Espa\u00f1a en el mapa y de repente te topas con dos nombres que no esperabas: Ceuta y Melilla. No son islas, no est\u00e1n en Europa, y sin embargo son Espa\u00f1a a todos los efectos \u2014 con la bandera, el euro, la Constituci\u00f3n e incluso Schengen. Se encuentran en la costa norte de Marruecos, [&hellip;]<\/p>\n","protected":false},"author":1,"featured_media":765,"comment_status":"open","ping_status":"open","sticky":false,"template":"","format":"standard","meta":{"footnotes":""},"categories":[],"tags":[],"class_list":["post-767","post","type-post","status-publish","format-standard","has-post-thumbnail","hentry"],"yoast_head":"<!-- This site is optimized with the Yoast SEO plugin v28.2 - https:\/\/yoast.com\/product\/yoast-seo-wordpress\/ -->\n<title>Ceuta y Melilla: historia y ubicaci\u00f3n<\/title>\n<meta name=\"description\" content=\"Descubre d\u00f3nde est\u00e1n Ceuta y Melilla, dos enclaves espa\u00f1oles en \u00c1frica, y repasa su fascinante historia entre culturas y fronteras.\" \/>\n<meta name=\"robots\" content=\"index, follow, max-snippet:-1, max-image-preview:large, max-video-preview:-1\" \/>\n<link rel=\"canonical\" href=\"https:\/\/inspagna.com\/es\/ceuta-y-melilla-donde-estan-y-cual-es-su-historia\/\" \/>\n<meta property=\"og:locale\" content=\"es_ES\" \/>\n<meta property=\"og:type\" content=\"article\" \/>\n<meta property=\"og:title\" content=\"Ceuta y Melilla: historia y ubicaci\u00f3n\" \/>\n<meta property=\"og:description\" content=\"Descubre d\u00f3nde est\u00e1n Ceuta y Melilla, dos enclaves espa\u00f1oles en \u00c1frica, y repasa su fascinante historia entre culturas y fronteras.\" \/>\n<meta property=\"og:url\" content=\"https:\/\/inspagna.com\/es\/ceuta-y-melilla-donde-estan-y-cual-es-su-historia\/\" \/>\n<meta property=\"og:site_name\" content=\"In Spagna\" \/>\n<meta property=\"article:published_time\" content=\"2026-09-04T14:02:56+00:00\" \/>\n<meta property=\"og:image\" content=\"https:\/\/inspagna.com\/wp-content\/uploads\/2026\/09\/ceuta-e-melilla.jpg\" \/>\n\t<meta property=\"og:image:width\" content=\"867\" \/>\n\t<meta property=\"og:image:height\" content=\"650\" \/>\n\t<meta property=\"og:image:type\" content=\"image\/jpeg\" \/>\n<meta name=\"author\" content=\"Erick Canale\" \/>\n<meta name=\"twitter:card\" content=\"summary_large_image\" \/>\n<meta name=\"twitter:label1\" content=\"Escrito por\" \/>\n\t<meta name=\"twitter:data1\" content=\"Erick Canale\" \/>\n\t<meta name=\"twitter:label2\" content=\"Tiempo de lectura\" \/>\n\t<meta name=\"twitter:data2\" content=\"7 minutos\" \/>\n<script type=\"application\/ld+json\" class=\"yoast-schema-graph\">{\"@context\":\"https:\\\/\\\/schema.org\",\"@graph\":[{\"@type\":\"Article\",\"@id\":\"https:\\\/\\\/inspagna.com\\\/es\\\/ceuta-y-melilla-donde-estan-y-cual-es-su-historia\\\/#article\",\"isPartOf\":{\"@id\":\"https:\\\/\\\/inspagna.com\\\/es\\\/ceuta-y-melilla-donde-estan-y-cual-es-su-historia\\\/\"},\"author\":{\"name\":\"Erick Canale\",\"@id\":\"https:\\\/\\\/inspagna.com\\\/#\\\/schema\\\/person\\\/de6fbca5c6be2dd26449a776e12c3558\"},\"headline\":\"Ceuta y Melilla: d\u00f3nde est\u00e1n y cu\u00e1l es su historia\",\"datePublished\":\"2026-09-04T14:02:56+00:00\",\"mainEntityOfPage\":{\"@id\":\"https:\\\/\\\/inspagna.com\\\/es\\\/ceuta-y-melilla-donde-estan-y-cual-es-su-historia\\\/\"},\"wordCount\":1511,\"commentCount\":0,\"image\":{\"@id\":\"https:\\\/\\\/inspagna.com\\\/es\\\/ceuta-y-melilla-donde-estan-y-cual-es-su-historia\\\/#primaryimage\"},\"thumbnailUrl\":\"https:\\\/\\\/inspagna.com\\\/wp-content\\\/uploads\\\/2026\\\/09\\\/ceuta-e-melilla.jpg\",\"inLanguage\":\"es\",\"potentialAction\":[{\"@type\":\"CommentAction\",\"name\":\"Comment\",\"target\":[\"https:\\\/\\\/inspagna.com\\\/es\\\/ceuta-y-melilla-donde-estan-y-cual-es-su-historia\\\/#respond\"]}]},{\"@type\":\"WebPage\",\"@id\":\"https:\\\/\\\/inspagna.com\\\/es\\\/ceuta-y-melilla-donde-estan-y-cual-es-su-historia\\\/\",\"url\":\"https:\\\/\\\/inspagna.com\\\/es\\\/ceuta-y-melilla-donde-estan-y-cual-es-su-historia\\\/\",\"name\":\"Ceuta y Melilla: historia y ubicaci\u00f3n\",\"isPartOf\":{\"@id\":\"https:\\\/\\\/inspagna.com\\\/#website\"},\"primaryImageOfPage\":{\"@id\":\"https:\\\/\\\/inspagna.com\\\/es\\\/ceuta-y-melilla-donde-estan-y-cual-es-su-historia\\\/#primaryimage\"},\"image\":{\"@id\":\"https:\\\/\\\/inspagna.com\\\/es\\\/ceuta-y-melilla-donde-estan-y-cual-es-su-historia\\\/#primaryimage\"},\"thumbnailUrl\":\"https:\\\/\\\/inspagna.com\\\/wp-content\\\/uploads\\\/2026\\\/09\\\/ceuta-e-melilla.jpg\",\"datePublished\":\"2026-09-04T14:02:56+00:00\",\"author\":{\"@id\":\"https:\\\/\\\/inspagna.com\\\/#\\\/schema\\\/person\\\/de6fbca5c6be2dd26449a776e12c3558\"},\"description\":\"Descubre d\u00f3nde est\u00e1n Ceuta y Melilla, dos enclaves espa\u00f1oles en \u00c1frica, y repasa su fascinante historia entre culturas y fronteras.\",\"breadcrumb\":{\"@id\":\"https:\\\/\\\/inspagna.com\\\/es\\\/ceuta-y-melilla-donde-estan-y-cual-es-su-historia\\\/#breadcrumb\"},\"inLanguage\":\"es\",\"potentialAction\":[{\"@type\":\"ReadAction\",\"target\":[\"https:\\\/\\\/inspagna.com\\\/es\\\/ceuta-y-melilla-donde-estan-y-cual-es-su-historia\\\/\"]}]},{\"@type\":\"ImageObject\",\"inLanguage\":\"es\",\"@id\":\"https:\\\/\\\/inspagna.com\\\/es\\\/ceuta-y-melilla-donde-estan-y-cual-es-su-historia\\\/#primaryimage\",\"url\":\"https:\\\/\\\/inspagna.com\\\/wp-content\\\/uploads\\\/2026\\\/09\\\/ceuta-e-melilla.jpg\",\"contentUrl\":\"https:\\\/\\\/inspagna.com\\\/wp-content\\\/uploads\\\/2026\\\/09\\\/ceuta-e-melilla.jpg\",\"width\":867,\"height\":650,\"caption\":\"Foto di Ray Raimundo su Pexels\"},{\"@type\":\"BreadcrumbList\",\"@id\":\"https:\\\/\\\/inspagna.com\\\/es\\\/ceuta-y-melilla-donde-estan-y-cual-es-su-historia\\\/#breadcrumb\",\"itemListElement\":[{\"@type\":\"ListItem\",\"position\":1,\"name\":\"Home\",\"item\":\"https:\\\/\\\/inspagna.com\\\/es\\\/\"},{\"@type\":\"ListItem\",\"position\":2,\"name\":\"Ceuta y Melilla: d\u00f3nde est\u00e1n y cu\u00e1l es su historia\"}]},{\"@type\":\"WebSite\",\"@id\":\"https:\\\/\\\/inspagna.com\\\/#website\",\"url\":\"https:\\\/\\\/inspagna.com\\\/\",\"name\":\"In Spagna\",\"description\":\"Dall&#039;Italia alla Spagna\",\"potentialAction\":[{\"@type\":\"SearchAction\",\"target\":{\"@type\":\"EntryPoint\",\"urlTemplate\":\"https:\\\/\\\/inspagna.com\\\/?s={search_term_string}\"},\"query-input\":{\"@type\":\"PropertyValueSpecification\",\"valueRequired\":true,\"valueName\":\"search_term_string\"}}],\"inLanguage\":\"es\"},{\"@type\":\"Person\",\"@id\":\"https:\\\/\\\/inspagna.com\\\/#\\\/schema\\\/person\\\/de6fbca5c6be2dd26449a776e12c3558\",\"name\":\"Erick Canale\",\"image\":{\"@type\":\"ImageObject\",\"inLanguage\":\"es\",\"@id\":\"https:\\\/\\\/inspagna.com\\\/wp-content\\\/uploads\\\/2026\\\/08\\\/ERICK-CANALE.jpg\",\"url\":\"https:\\\/\\\/inspagna.com\\\/wp-content\\\/uploads\\\/2026\\\/08\\\/ERICK-CANALE.jpg\",\"contentUrl\":\"https:\\\/\\\/inspagna.com\\\/wp-content\\\/uploads\\\/2026\\\/08\\\/ERICK-CANALE.jpg\",\"caption\":\"Erick Canale\"},\"description\":\"Nato a Cuneo e si \u00e8 trasferito in Spagna oltre ventidue anni fa: prima Barcellona, dove ha vissuto quattordici anni, dal 2018 vive a Madrid. Dopo un percorso da dipendente in una multinazionale italiana, da quindici anni dirige JEZZ Media, agenzia di marketing online. La burocrazia spagnola l'ha attraversata tutta, di persona.\",\"sameAs\":[\"https:\\\/\\\/erickcanale.com\",\"https:\\\/\\\/www.instagram.com\\\/erickcanale\",\"https:\\\/\\\/www.linkedin.com\\\/in\\\/erickcanale\\\/?originalSubdomain=es\",\"https:\\\/\\\/www.youtube.com\\\/channel\\\/UC_I9iKi9Th8qBKrbE_kZkeQ\"],\"url\":\"https:\\\/\\\/inspagna.com\\\/es\\\/author\\\/1nspagnaadmin\\\/\"}]}<\/script>\n<!-- \/ Yoast SEO plugin. -->","yoast_head_json":{"title":"Ceuta y Melilla: historia y ubicaci\u00f3n","description":"Descubre d\u00f3nde est\u00e1n Ceuta y Melilla, dos enclaves espa\u00f1oles en \u00c1frica, y repasa su fascinante historia entre culturas y fronteras.","robots":{"index":"index","follow":"follow","max-snippet":"max-snippet:-1","max-image-preview":"max-image-preview:large","max-video-preview":"max-video-preview:-1"},"canonical":"https:\/\/inspagna.com\/es\/ceuta-y-melilla-donde-estan-y-cual-es-su-historia\/","og_locale":"es_ES","og_type":"article","og_title":"Ceuta y Melilla: historia y ubicaci\u00f3n","og_description":"Descubre d\u00f3nde est\u00e1n Ceuta y Melilla, dos enclaves espa\u00f1oles en \u00c1frica, y repasa su fascinante historia entre culturas y fronteras.","og_url":"https:\/\/inspagna.com\/es\/ceuta-y-melilla-donde-estan-y-cual-es-su-historia\/","og_site_name":"In Spagna","article_published_time":"2026-09-04T14:02:56+00:00","og_image":[{"width":867,"height":650,"url":"https:\/\/inspagna.com\/wp-content\/uploads\/2026\/09\/ceuta-e-melilla.jpg","type":"image\/jpeg"}],"author":"Erick Canale","twitter_card":"summary_large_image","twitter_misc":{"Escrito por":"Erick Canale","Tiempo de lectura":"7 minutos"},"schema":{"@context":"https:\/\/schema.org","@graph":[{"@type":"Article","@id":"https:\/\/inspagna.com\/es\/ceuta-y-melilla-donde-estan-y-cual-es-su-historia\/#article","isPartOf":{"@id":"https:\/\/inspagna.com\/es\/ceuta-y-melilla-donde-estan-y-cual-es-su-historia\/"},"author":{"name":"Erick Canale","@id":"https:\/\/inspagna.com\/#\/schema\/person\/de6fbca5c6be2dd26449a776e12c3558"},"headline":"Ceuta y Melilla: d\u00f3nde est\u00e1n y cu\u00e1l es su historia","datePublished":"2026-09-04T14:02:56+00:00","mainEntityOfPage":{"@id":"https:\/\/inspagna.com\/es\/ceuta-y-melilla-donde-estan-y-cual-es-su-historia\/"},"wordCount":1511,"commentCount":0,"image":{"@id":"https:\/\/inspagna.com\/es\/ceuta-y-melilla-donde-estan-y-cual-es-su-historia\/#primaryimage"},"thumbnailUrl":"https:\/\/inspagna.com\/wp-content\/uploads\/2026\/09\/ceuta-e-melilla.jpg","inLanguage":"es","potentialAction":[{"@type":"CommentAction","name":"Comment","target":["https:\/\/inspagna.com\/es\/ceuta-y-melilla-donde-estan-y-cual-es-su-historia\/#respond"]}]},{"@type":"WebPage","@id":"https:\/\/inspagna.com\/es\/ceuta-y-melilla-donde-estan-y-cual-es-su-historia\/","url":"https:\/\/inspagna.com\/es\/ceuta-y-melilla-donde-estan-y-cual-es-su-historia\/","name":"Ceuta y Melilla: historia y ubicaci\u00f3n","isPartOf":{"@id":"https:\/\/inspagna.com\/#website"},"primaryImageOfPage":{"@id":"https:\/\/inspagna.com\/es\/ceuta-y-melilla-donde-estan-y-cual-es-su-historia\/#primaryimage"},"image":{"@id":"https:\/\/inspagna.com\/es\/ceuta-y-melilla-donde-estan-y-cual-es-su-historia\/#primaryimage"},"thumbnailUrl":"https:\/\/inspagna.com\/wp-content\/uploads\/2026\/09\/ceuta-e-melilla.jpg","datePublished":"2026-09-04T14:02:56+00:00","author":{"@id":"https:\/\/inspagna.com\/#\/schema\/person\/de6fbca5c6be2dd26449a776e12c3558"},"description":"Descubre d\u00f3nde est\u00e1n Ceuta y Melilla, dos enclaves espa\u00f1oles en \u00c1frica, y repasa su fascinante historia entre culturas y fronteras.","breadcrumb":{"@id":"https:\/\/inspagna.com\/es\/ceuta-y-melilla-donde-estan-y-cual-es-su-historia\/#breadcrumb"},"inLanguage":"es","potentialAction":[{"@type":"ReadAction","target":["https:\/\/inspagna.com\/es\/ceuta-y-melilla-donde-estan-y-cual-es-su-historia\/"]}]},{"@type":"ImageObject","inLanguage":"es","@id":"https:\/\/inspagna.com\/es\/ceuta-y-melilla-donde-estan-y-cual-es-su-historia\/#primaryimage","url":"https:\/\/inspagna.com\/wp-content\/uploads\/2026\/09\/ceuta-e-melilla.jpg","contentUrl":"https:\/\/inspagna.com\/wp-content\/uploads\/2026\/09\/ceuta-e-melilla.jpg","width":867,"height":650,"caption":"Foto di Ray Raimundo su Pexels"},{"@type":"BreadcrumbList","@id":"https:\/\/inspagna.com\/es\/ceuta-y-melilla-donde-estan-y-cual-es-su-historia\/#breadcrumb","itemListElement":[{"@type":"ListItem","position":1,"name":"Home","item":"https:\/\/inspagna.com\/es\/"},{"@type":"ListItem","position":2,"name":"Ceuta y Melilla: d\u00f3nde est\u00e1n y cu\u00e1l es su historia"}]},{"@type":"WebSite","@id":"https:\/\/inspagna.com\/#website","url":"https:\/\/inspagna.com\/","name":"In Spagna","description":"Dall&#039;Italia alla Spagna","potentialAction":[{"@type":"SearchAction","target":{"@type":"EntryPoint","urlTemplate":"https:\/\/inspagna.com\/?s={search_term_string}"},"query-input":{"@type":"PropertyValueSpecification","valueRequired":true,"valueName":"search_term_string"}}],"inLanguage":"es"},{"@type":"Person","@id":"https:\/\/inspagna.com\/#\/schema\/person\/de6fbca5c6be2dd26449a776e12c3558","name":"Erick Canale","image":{"@type":"ImageObject","inLanguage":"es","@id":"https:\/\/inspagna.com\/wp-content\/uploads\/2026\/08\/ERICK-CANALE.jpg","url":"https:\/\/inspagna.com\/wp-content\/uploads\/2026\/08\/ERICK-CANALE.jpg","contentUrl":"https:\/\/inspagna.com\/wp-content\/uploads\/2026\/08\/ERICK-CANALE.jpg","caption":"Erick Canale"},"description":"Nato a Cuneo e si \u00e8 trasferito in Spagna oltre ventidue anni fa: prima Barcellona, dove ha vissuto quattordici anni, dal 2018 vive a Madrid. Dopo un percorso da dipendente in una multinazionale italiana, da quindici anni dirige JEZZ Media, agenzia di marketing online. La burocrazia spagnola l'ha attraversata tutta, di persona.","sameAs":["https:\/\/erickcanale.com","https:\/\/www.instagram.com\/erickcanale","https:\/\/www.linkedin.com\/in\/erickcanale\/?originalSubdomain=es","https:\/\/www.youtube.com\/channel\/UC_I9iKi9Th8qBKrbE_kZkeQ"],"url":"https:\/\/inspagna.com\/es\/author\/1nspagnaadmin\/"}]}},"_links":{"self":[{"href":"https:\/\/inspagna.com\/es\/wp-json\/wp\/v2\/posts\/767","targetHints":{"allow":["GET"]}}],"collection":[{"href":"https:\/\/inspagna.com\/es\/wp-json\/wp\/v2\/posts"}],"about":[{"href":"https:\/\/inspagna.com\/es\/wp-json\/wp\/v2\/types\/post"}],"author":[{"embeddable":true,"href":"https:\/\/inspagna.com\/es\/wp-json\/wp\/v2\/users\/1"}],"replies":[{"embeddable":true,"href":"https:\/\/inspagna.com\/es\/wp-json\/wp\/v2\/comments?post=767"}],"version-history":[{"count":0,"href":"https:\/\/inspagna.com\/es\/wp-json\/wp\/v2\/posts\/767\/revisions"}],"wp:featuredmedia":[{"embeddable":true,"href":"https:\/\/inspagna.com\/es\/wp-json\/wp\/v2\/media\/765"}],"wp:attachment":[{"href":"https:\/\/inspagna.com\/es\/wp-json\/wp\/v2\/media?parent=767"}],"wp:term":[{"taxonomy":"category","embeddable":true,"href":"https:\/\/inspagna.com\/es\/wp-json\/wp\/v2\/categories?post=767"},{"taxonomy":"post_tag","embeddable":true,"href":"https:\/\/inspagna.com\/es\/wp-json\/wp\/v2\/tags?post=767"}],"curies":[{"name":"wp","href":"https:\/\/api.w.org\/{rel}","templated":true}]}}