{"id":763,"date":"2026-09-04T08:02:34","date_gmt":"2026-09-04T06:02:34","guid":{"rendered":"https:\/\/inspagna.com\/el-plan-de-empresa-para-abrir-en-espana\/"},"modified":"2026-09-04T08:02:34","modified_gmt":"2026-09-04T06:02:34","slug":"el-plan-de-empresa-para-abrir-en-espana","status":"publish","type":"post","link":"https:\/\/inspagna.com\/es\/el-plan-de-empresa-para-abrir-en-espana\/","title":{"rendered":"El plan de empresa para abrir en Espa\u00f1a"},"content":{"rendered":"<p>Has decidido abrir un negocio en Espa\u00f1a. Tienes la idea, quiz\u00e1s ya has elegido la ciudad, y est\u00e1s convencido de que se dan las condiciones para que funcione. El problema es que entre la idea y el primer cliente hay un paso que casi todo el mundo subestima: el plan de empresa. No porque sea un requisito burocr\u00e1tico que tachar de una lista, sino porque es la herramienta que te obliga a enfrentarte a la realidad antes de enfrentarte a la cuenta corriente.<\/p><div id=\"ez-toc-container\" class=\"ez-toc-v2_0_86 counter-hierarchy ez-toc-counter ez-toc-custom ez-toc-container-direction\">\n<div class=\"ez-toc-box-title\">In questo articolo<\/div>\n<div class=\"ez-toc-title-container\">\n<span class=\"ez-toc-title-toggle\"><\/span><\/div>\n<nav><ul class='ez-toc-list ez-toc-list-level-1 ' ><li class='ez-toc-page-1 ez-toc-heading-level-2'><a class=\"ez-toc-link ez-toc-heading-1\" href=\"https:\/\/inspagna.com\/es\/el-plan-de-empresa-para-abrir-en-espana\/#Por-que-el-plan-de-empresa-no-es-opcional\" >Por qu\u00e9 el plan de empresa no es opcional<\/a><\/li><li class='ez-toc-page-1 ez-toc-heading-level-2'><a class=\"ez-toc-link ez-toc-heading-2\" href=\"https:\/\/inspagna.com\/es\/el-plan-de-empresa-para-abrir-en-espana\/#Las-secciones-fundamentales-que-debe-incluir\" >Las secciones fundamentales: qu\u00e9 debe incluir<\/a><ul class='ez-toc-list-level-3' ><li class='ez-toc-heading-level-3'><a class=\"ez-toc-link ez-toc-heading-3\" href=\"https:\/\/inspagna.com\/es\/el-plan-de-empresa-para-abrir-en-espana\/#1-Descripcion-de-la-actividad-y-del-mercado\" >1. Descripci\u00f3n de la actividad y del mercado<\/a><\/li><li class='ez-toc-page-1 ez-toc-heading-level-3'><a class=\"ez-toc-link ez-toc-heading-4\" href=\"https:\/\/inspagna.com\/es\/el-plan-de-empresa-para-abrir-en-espana\/#2-Estructura-legal-y-forma-juridica\" >2. Estructura legal y forma jur\u00eddica<\/a><\/li><li class='ez-toc-page-1 ez-toc-heading-level-3'><a class=\"ez-toc-link ez-toc-heading-5\" href=\"https:\/\/inspagna.com\/es\/el-plan-de-empresa-para-abrir-en-espana\/#3-Plan-operativo\" >3. Plan operativo<\/a><\/li><li class='ez-toc-page-1 ez-toc-heading-level-3'><a class=\"ez-toc-link ez-toc-heading-6\" href=\"https:\/\/inspagna.com\/es\/el-plan-de-empresa-para-abrir-en-espana\/#4-Plan-financiero\" >4. Plan financiero<\/a><\/li><li class='ez-toc-page-1 ez-toc-heading-level-3'><a class=\"ez-toc-link ez-toc-heading-7\" href=\"https:\/\/inspagna.com\/es\/el-plan-de-empresa-para-abrir-en-espana\/#5-Estrategia-comercial-y-de-marketing\" >5. Estrategia comercial y de marketing<\/a><\/li><\/ul><\/li><li class='ez-toc-page-1 ez-toc-heading-level-2'><a class=\"ez-toc-link ez-toc-heading-8\" href=\"https:\/\/inspagna.com\/es\/el-plan-de-empresa-para-abrir-en-espana\/#Los-errores-mas-comunes-que-veo-cometer-a-los-italianos\" >Los errores m\u00e1s comunes que veo cometer a los italianos<\/a><\/li><li class='ez-toc-page-1 ez-toc-heading-level-2'><a class=\"ez-toc-link ez-toc-heading-9\" href=\"https:\/\/inspagna.com\/es\/el-plan-de-empresa-para-abrir-en-espana\/#El-plan-de-empresa-como-herramienta-viva\" >El plan de empresa como herramienta viva<\/a><\/li><\/ul><\/nav><\/div>\n\n<h2><span class=\"ez-toc-section\" id=\"Por-que-el-plan-de-empresa-no-es-opcional\"><\/span>Por qu\u00e9 el plan de empresa no es opcional<span class=\"ez-toc-section-end\"><\/span><\/h2>\n<p>En Italia, el plan de empresa \u2014o business plan\u2014 se percibe a menudo como algo que se escribe para convencer a un banco o a un inversor, y luego se guarda en un caj\u00f3n. En Espa\u00f1a el punto de partida no es muy distinto, pero el contexto s\u00ed lo es. El mercado espa\u00f1ol tiene sus propias din\u00e1micas, la competencia local funciona de otra manera, y el cliente espa\u00f1ol tiene expectativas y h\u00e1bitos que no siempre coinciden con los italianos.<\/p>\n<p>Construir un plan de empresa s\u00f3lido te sirve para tres cosas muy concretas: entender si tu idea aguanta econ\u00f3micamente, prepararte para los imprevistos antes de que lleguen, y tener un punto de referencia con tu gestor a la hora de definir la estructura fiscal y societaria de tu actividad. Si est\u00e1s pensando en darte de alta como aut\u00f3nomo o en constituir una sociedad, <a href=\"https:\/\/inspagna.com\/es\/autonomo-en-espana-o-partita-iva-en-italia-que-cambia-realmente\/\">la elecci\u00f3n entre ambas formas cambia mucho<\/a> respecto a lo que est\u00e1s acostumbrado en Italia, y el plan de empresa es el momento adecuado para pensarlo bien.<\/p>\n<h2><span class=\"ez-toc-section\" id=\"Las-secciones-fundamentales-que-debe-incluir\"><\/span>Las secciones fundamentales: qu\u00e9 debe incluir<span class=\"ez-toc-section-end\"><\/span><\/h2>\n<p>Un plan de empresa para Espa\u00f1a no tiene una estructura r\u00edgida impuesta por la ley, pero hay secciones que no pueden faltar si quieres que el documento sirva de verdad.<\/p>\n<h3><span class=\"ez-toc-section\" id=\"1-Descripcion-de-la-actividad-y-del-mercado\"><\/span>1. Descripci\u00f3n de la actividad y del mercado<span class=\"ez-toc-section-end\"><\/span><\/h3>\n<p>Empieza explicando qu\u00e9 haces, para qui\u00e9n lo haces y d\u00f3nde. Parece obvio, pero es la parte donde afloran las primeras lagunas. <strong>El mercado espa\u00f1ol no es un mercado \u00fanico<\/strong>: Barcelona, Madrid, Valencia, Sevilla tienen din\u00e1micas muy distintas. El poder adquisitivo, la competencia local y los h\u00e1bitos de consumo var\u00edan de forma significativa de una ciudad a otra, e incluso entre barrios de la misma ciudad.<\/p>\n<p>En esta secci\u00f3n tienes que responder a preguntas concretas: \u00bfqui\u00e9nes son tus competidores directos en la zona que has elegido? \u00bfC\u00f3mo se posicionan en precio? \u00bfHay espacio para lo que quieres hacer, o est\u00e1s entrando en un segmento ya saturado? No basta con decir \u00abmi idea es mejor\u00bb: tienes que demostrarlo con datos de mercado, aunque sean aproximados pero reales.<\/p>\n<h3><span class=\"ez-toc-section\" id=\"2-Estructura-legal-y-forma-juridica\"><\/span>2. Estructura legal y forma jur\u00eddica<span class=\"ez-toc-section-end\"><\/span><\/h3>\n<p>Esta es la secci\u00f3n que en Italia a menudo se omite o se despacha en dos l\u00edneas. En Espa\u00f1a, en cambio, es el momento en que debes decidir si operar como aut\u00f3nomo o abrir una Sociedad Limitada. No es una decisi\u00f3n que puedas aplazar: cambia la tributaci\u00f3n, cambia la responsabilidad patrimonial, cambia la forma en que gestionas los costes.<\/p>\n<p>La regla general es que <strong>por debajo de un determinado umbral de facturaci\u00f3n el aut\u00f3nomo es la forma m\u00e1s sencilla y menos costosa<\/strong>, pero a partir de cierto nivel \u2014y cuando el riesgo financiero de la actividad es alto\u2014 la S.L. empieza a ser m\u00e1s conveniente. Si quieres entender d\u00f3nde est\u00e1 ese l\u00edmite en tu caso concreto, es el tipo de razonamiento que vale la pena hacer junto a un <a href=\"https:\/\/inspagna.com\/es\/el-gestor-por-que-necesitas-uno-cuando-trabajas-en-espana\/\">gestor con experiencia en el mercado espa\u00f1ol<\/a>.<\/p>\n<h3><span class=\"ez-toc-section\" id=\"3-Plan-operativo\"><\/span>3. Plan operativo<span class=\"ez-toc-section-end\"><\/span><\/h3>\n<p>\u00bfC\u00f3mo funciona en la pr\u00e1ctica tu actividad d\u00eda a d\u00eda? \u00bfQui\u00e9n hace qu\u00e9, d\u00f3nde y con qu\u00e9 herramientas? Si necesitas un local, \u00bfhas valorado ya los costes de alquiler en la zona? Si tienes empleados, \u00bfconoces el funcionamiento de los contratos laborales espa\u00f1oles y los costes de Seguridad Social que conllevan?<\/p>\n<p>Esta parte suele escribirse de forma vaga \u2014\u00ababriremos una oficina\u00bb\u2014 cuando en realidad deber\u00eda ser muy concreta. <strong>El plan operativo es el lugar donde las ideas se convierten en procesos<\/strong>, y los procesos tienen un coste. Escr\u00edbelo con esa mentalidad.<\/p>\n<h3><span class=\"ez-toc-section\" id=\"4-Plan-financiero\"><\/span>4. Plan financiero<span class=\"ez-toc-section-end\"><\/span><\/h3>\n<p>Es la secci\u00f3n que m\u00e1s intimida, pero tambi\u00e9n la m\u00e1s necesaria. Tienes que estimar los ingresos esperados \u2014de forma realista, no optimista\u2014 y compararlos con los costes fijos y variables de tu actividad. Entre los costes fijos que un italiano suele olvidar incluir est\u00e1n la <a href=\"https:\/\/inspagna.com\/es\/la-cuota-del-autonomo-como-funciona\/\">cuota mensual de la Seguridad Social<\/a>, los honorarios del gestor, el posible alquiler del local y los impuestos trimestrales.<\/p>\n<p>Construye al menos tres escenarios: uno pesimista, uno realista y uno optimista. No porque debas esperar lo peor, sino porque saber qu\u00e9 ocurre si las cosas van mal te permite prepararte: reservando un capital inicial suficiente o planificando una fase de arranque m\u00e1s gradual.<\/p>\n<h3><span class=\"ez-toc-section\" id=\"5-Estrategia-comercial-y-de-marketing\"><\/span>5. Estrategia comercial y de marketing<span class=\"ez-toc-section-end\"><\/span><\/h3>\n<p>\u00bfC\u00f3mo vas a encontrar a tus primeros clientes? \u00bfCu\u00e1nto te costar\u00e1 captarlos? \u00bfQu\u00e9 canales usar\u00e1s: digital, boca a boca, presencia f\u00edsica? Esta secci\u00f3n es a menudo la m\u00e1s infravalorada, sobre todo por quienes llegan de Italia con una red de contactos construida durante a\u00f1os y se encuentran empezando de cero en un mercado que no los conoce.<\/p>\n<p><strong>En Espa\u00f1a el boca a boca funciona muy bien, pero requiere tiempo<\/strong>. Si tu negocio depende de clientes locales, cuenta con una fase inicial m\u00e1s lenta y prev\u00e9 un presupuesto para darte a conocer. Si en cambio trabajas con clientes remotos o italianos, la situaci\u00f3n es diferente, pero igualmente debes explicarlo en el plan.<\/p>\n<h2><span class=\"ez-toc-section\" id=\"Los-errores-mas-comunes-que-veo-cometer-a-los-italianos\"><\/span>Los errores m\u00e1s comunes que veo cometer a los italianos<span class=\"ez-toc-section-end\"><\/span><\/h2>\n<p>En estos a\u00f1os he visto a muchos italianos llegar a Espa\u00f1a con planes de empresa escritos para el mercado italiano y adaptados superficialmente al espa\u00f1ol. El problema no es la forma, sino el fondo: los precios son distintos, los m\u00e1rgenes son distintos, el comportamiento del cliente es distinto.<\/p>\n<p>Un error frecuente es subestimar los tiempos burocr\u00e1ticos. Abrir un negocio que requiere licencias espec\u00edficas \u2014un bar, un restaurante, un local comercial\u2014 puede llevar m\u00e1s tiempo del esperado, y ese tiempo tiene un coste. Si est\u00e1s pensando en <a href=\"https:\/\/inspagna.com\/es\/abrir-un-bar-o-un-restaurante-en-espana\/\">abrir en el sector de la restauraci\u00f3n<\/a>, este es un aspecto que hay que planificar con cuidado.<\/p>\n<p>Otro error es no tener en cuenta la estacionalidad. En muchas zonas de Espa\u00f1a \u2014y no solo en las tur\u00edsticas\u2014 los ritmos de consumo cambian enormemente entre verano e invierno, entre agosto y septiembre, entre la semana laboral y el fin de semana. <strong>El plan financiero debe contemplar estos picos y estas ca\u00eddas<\/strong>, de lo contrario corres el riesgo de quedarte sin liquidez en los meses m\u00e1s flojos.<\/p>\n<h2><span class=\"ez-toc-section\" id=\"El-plan-de-empresa-como-herramienta-viva\"><\/span>El plan de empresa como herramienta viva<span class=\"ez-toc-section-end\"><\/span><\/h2>\n<p>Una vez abierto el negocio, muchos archivan el plan de empresa y no vuelven a mirarlo. Es un error. El documento que construiste antes de empezar es tu punto de referencia para saber si est\u00e1s yendo en la direcci\u00f3n que hab\u00edas imaginado, o si algo se ha desviado.<\/p>\n<p>Releerlo cada trimestre \u2014quiz\u00e1s coincidiendo con los <a href=\"https:\/\/inspagna.com\/es\/el-modelo-303-y-las-declaraciones-trimestrales\/\">vencimientos trimestrales de las declaraciones fiscales<\/a>\u2014 te permite comparar las previsiones con los n\u00fameros reales y corregir el rumbo a tiempo. Un negocio que funciona no es el que lo acert\u00f3 todo a la primera: es el que supo adaptarse r\u00e1pidamente cuando los n\u00fameros dijeron algo diferente.<\/p>\n<p>Si todav\u00eda est\u00e1s pensando qu\u00e9 forma jur\u00eddica elegir para tu actividad, el paso m\u00e1s \u00fatil que puedes dar ahora es concertar una cita con un gestor y llevarle un borrador \u2014aunque sea en bruto\u2014 de tu plan de empresa. <strong>No tiene que ser perfecto para ser \u00fatil<\/strong>: incluso una versi\u00f3n incompleta es infinitamente mejor que nada, porque te ayuda a hacerte las preguntas correctas. Y las preguntas correctas, en Espa\u00f1a, hay que hacerlas antes de abrir, no despu\u00e9s.<\/p>\n","protected":false},"excerpt":{"rendered":"<p>Has decidido abrir un negocio en Espa\u00f1a. Tienes la idea, quiz\u00e1s ya has elegido la ciudad, y est\u00e1s convencido de que se dan las condiciones para que funcione. El problema es que entre la idea y el primer cliente hay un paso que casi todo el mundo subestima: el plan de empresa. No porque sea [&hellip;]<\/p>\n","protected":false},"author":1,"featured_media":761,"comment_status":"open","ping_status":"open","sticky":false,"template":"","format":"standard","meta":{"footnotes":""},"categories":[25],"tags":[],"class_list":["post-763","post","type-post","status-publish","format-standard","has-post-thumbnail","hentry","category-autonomos-y-empresa"],"yoast_head":"<!-- This site is optimized with the Yoast SEO plugin v28.2 - https:\/\/yoast.com\/product\/yoast-seo-wordpress\/ -->\n<title>Abrir en Espa\u00f1a: el plan de empresa que necesitas<\/title>\n<meta name=\"description\" content=\"Descubre c\u00f3mo estructurar un plan de empresa eficaz para abrir en Espa\u00f1a. Gu\u00eda pr\u00e1ctica con todos los pasos fundamentales para tener \u00e9xito.\" \/>\n<meta name=\"robots\" content=\"index, follow, max-snippet:-1, max-image-preview:large, max-video-preview:-1\" \/>\n<link rel=\"canonical\" href=\"https:\/\/inspagna.com\/es\/el-plan-de-empresa-para-abrir-en-espana\/\" \/>\n<meta property=\"og:locale\" content=\"es_ES\" \/>\n<meta property=\"og:type\" content=\"article\" \/>\n<meta property=\"og:title\" content=\"Abrir en Espa\u00f1a: el plan de empresa que necesitas\" \/>\n<meta property=\"og:description\" content=\"Descubre c\u00f3mo estructurar un plan de empresa eficaz para abrir en Espa\u00f1a. Gu\u00eda pr\u00e1ctica con todos los pasos fundamentales para tener \u00e9xito.\" \/>\n<meta property=\"og:url\" content=\"https:\/\/inspagna.com\/es\/el-plan-de-empresa-para-abrir-en-espana\/\" \/>\n<meta property=\"og:site_name\" content=\"In Spagna\" \/>\n<meta property=\"article:published_time\" content=\"2026-09-04T06:02:34+00:00\" \/>\n<meta property=\"og:image\" content=\"https:\/\/inspagna.com\/wp-content\/uploads\/2026\/09\/documents-charts-meeting-table.jpg\" \/>\n\t<meta property=\"og:image:width\" content=\"940\" \/>\n\t<meta property=\"og:image:height\" content=\"627\" \/>\n\t<meta property=\"og:image:type\" content=\"image\/jpeg\" \/>\n<meta name=\"author\" content=\"Erick Canale\" \/>\n<meta name=\"twitter:card\" content=\"summary_large_image\" \/>\n<meta name=\"twitter:label1\" content=\"Escrito por\" \/>\n\t<meta name=\"twitter:data1\" content=\"Erick Canale\" \/>\n\t<meta name=\"twitter:label2\" content=\"Tiempo de lectura\" \/>\n\t<meta name=\"twitter:data2\" content=\"7 minutos\" \/>\n<script type=\"application\/ld+json\" class=\"yoast-schema-graph\">{\"@context\":\"https:\\\/\\\/schema.org\",\"@graph\":[{\"@type\":\"Article\",\"@id\":\"https:\\\/\\\/inspagna.com\\\/es\\\/el-plan-de-empresa-para-abrir-en-espana\\\/#article\",\"isPartOf\":{\"@id\":\"https:\\\/\\\/inspagna.com\\\/es\\\/el-plan-de-empresa-para-abrir-en-espana\\\/\"},\"author\":{\"name\":\"Erick Canale\",\"@id\":\"https:\\\/\\\/inspagna.com\\\/#\\\/schema\\\/person\\\/de6fbca5c6be2dd26449a776e12c3558\"},\"headline\":\"El plan de empresa para abrir en Espa\u00f1a\",\"datePublished\":\"2026-09-04T06:02:34+00:00\",\"mainEntityOfPage\":{\"@id\":\"https:\\\/\\\/inspagna.com\\\/es\\\/el-plan-de-empresa-para-abrir-en-espana\\\/\"},\"wordCount\":1363,\"commentCount\":0,\"image\":{\"@id\":\"https:\\\/\\\/inspagna.com\\\/es\\\/el-plan-de-empresa-para-abrir-en-espana\\\/#primaryimage\"},\"thumbnailUrl\":\"https:\\\/\\\/inspagna.com\\\/wp-content\\\/uploads\\\/2026\\\/09\\\/documents-charts-meeting-table.jpg\",\"articleSection\":[\"Aut\u00f3nomos y Empresa\"],\"inLanguage\":\"es\",\"potentialAction\":[{\"@type\":\"CommentAction\",\"name\":\"Comment\",\"target\":[\"https:\\\/\\\/inspagna.com\\\/es\\\/el-plan-de-empresa-para-abrir-en-espana\\\/#respond\"]}]},{\"@type\":\"WebPage\",\"@id\":\"https:\\\/\\\/inspagna.com\\\/es\\\/el-plan-de-empresa-para-abrir-en-espana\\\/\",\"url\":\"https:\\\/\\\/inspagna.com\\\/es\\\/el-plan-de-empresa-para-abrir-en-espana\\\/\",\"name\":\"Abrir en Espa\u00f1a: el plan de empresa que necesitas\",\"isPartOf\":{\"@id\":\"https:\\\/\\\/inspagna.com\\\/#website\"},\"primaryImageOfPage\":{\"@id\":\"https:\\\/\\\/inspagna.com\\\/es\\\/el-plan-de-empresa-para-abrir-en-espana\\\/#primaryimage\"},\"image\":{\"@id\":\"https:\\\/\\\/inspagna.com\\\/es\\\/el-plan-de-empresa-para-abrir-en-espana\\\/#primaryimage\"},\"thumbnailUrl\":\"https:\\\/\\\/inspagna.com\\\/wp-content\\\/uploads\\\/2026\\\/09\\\/documents-charts-meeting-table.jpg\",\"datePublished\":\"2026-09-04T06:02:34+00:00\",\"author\":{\"@id\":\"https:\\\/\\\/inspagna.com\\\/#\\\/schema\\\/person\\\/de6fbca5c6be2dd26449a776e12c3558\"},\"description\":\"Descubre c\u00f3mo estructurar un plan de empresa eficaz para abrir en Espa\u00f1a. Gu\u00eda pr\u00e1ctica con todos los pasos fundamentales para tener \u00e9xito.\",\"breadcrumb\":{\"@id\":\"https:\\\/\\\/inspagna.com\\\/es\\\/el-plan-de-empresa-para-abrir-en-espana\\\/#breadcrumb\"},\"inLanguage\":\"es\",\"potentialAction\":[{\"@type\":\"ReadAction\",\"target\":[\"https:\\\/\\\/inspagna.com\\\/es\\\/el-plan-de-empresa-para-abrir-en-espana\\\/\"]}]},{\"@type\":\"ImageObject\",\"inLanguage\":\"es\",\"@id\":\"https:\\\/\\\/inspagna.com\\\/es\\\/el-plan-de-empresa-para-abrir-en-espana\\\/#primaryimage\",\"url\":\"https:\\\/\\\/inspagna.com\\\/wp-content\\\/uploads\\\/2026\\\/09\\\/documents-charts-meeting-table.jpg\",\"contentUrl\":\"https:\\\/\\\/inspagna.com\\\/wp-content\\\/uploads\\\/2026\\\/09\\\/documents-charts-meeting-table.jpg\",\"width\":940,\"height\":627,\"caption\":\"Foto di RDNE Stock project su Pexels\"},{\"@type\":\"BreadcrumbList\",\"@id\":\"https:\\\/\\\/inspagna.com\\\/es\\\/el-plan-de-empresa-para-abrir-en-espana\\\/#breadcrumb\",\"itemListElement\":[{\"@type\":\"ListItem\",\"position\":1,\"name\":\"Home\",\"item\":\"https:\\\/\\\/inspagna.com\\\/es\\\/\"},{\"@type\":\"ListItem\",\"position\":2,\"name\":\"El plan de empresa para abrir en Espa\u00f1a\"}]},{\"@type\":\"WebSite\",\"@id\":\"https:\\\/\\\/inspagna.com\\\/#website\",\"url\":\"https:\\\/\\\/inspagna.com\\\/\",\"name\":\"In Spagna\",\"description\":\"Dall&#039;Italia alla Spagna\",\"potentialAction\":[{\"@type\":\"SearchAction\",\"target\":{\"@type\":\"EntryPoint\",\"urlTemplate\":\"https:\\\/\\\/inspagna.com\\\/?s={search_term_string}\"},\"query-input\":{\"@type\":\"PropertyValueSpecification\",\"valueRequired\":true,\"valueName\":\"search_term_string\"}}],\"inLanguage\":\"es\"},{\"@type\":\"Person\",\"@id\":\"https:\\\/\\\/inspagna.com\\\/#\\\/schema\\\/person\\\/de6fbca5c6be2dd26449a776e12c3558\",\"name\":\"Erick Canale\",\"image\":{\"@type\":\"ImageObject\",\"inLanguage\":\"es\",\"@id\":\"https:\\\/\\\/inspagna.com\\\/wp-content\\\/uploads\\\/2026\\\/08\\\/ERICK-CANALE.jpg\",\"url\":\"https:\\\/\\\/inspagna.com\\\/wp-content\\\/uploads\\\/2026\\\/08\\\/ERICK-CANALE.jpg\",\"contentUrl\":\"https:\\\/\\\/inspagna.com\\\/wp-content\\\/uploads\\\/2026\\\/08\\\/ERICK-CANALE.jpg\",\"caption\":\"Erick Canale\"},\"description\":\"Nato a Cuneo e si \u00e8 trasferito in Spagna oltre ventidue anni fa: prima Barcellona, dove ha vissuto quattordici anni, dal 2018 vive a Madrid. Dopo un percorso da dipendente in una multinazionale italiana, da quindici anni dirige JEZZ Media, agenzia di marketing online. La burocrazia spagnola l'ha attraversata tutta, di persona.\",\"sameAs\":[\"https:\\\/\\\/erickcanale.com\",\"https:\\\/\\\/www.instagram.com\\\/erickcanale\",\"https:\\\/\\\/www.linkedin.com\\\/in\\\/erickcanale\\\/?originalSubdomain=es\",\"https:\\\/\\\/www.youtube.com\\\/channel\\\/UC_I9iKi9Th8qBKrbE_kZkeQ\"],\"url\":\"https:\\\/\\\/inspagna.com\\\/es\\\/author\\\/1nspagnaadmin\\\/\"}]}<\/script>\n<!-- \/ Yoast SEO plugin. -->","yoast_head_json":{"title":"Abrir en Espa\u00f1a: el plan de empresa que necesitas","description":"Descubre c\u00f3mo estructurar un plan de empresa eficaz para abrir en Espa\u00f1a. Gu\u00eda pr\u00e1ctica con todos los pasos fundamentales para tener \u00e9xito.","robots":{"index":"index","follow":"follow","max-snippet":"max-snippet:-1","max-image-preview":"max-image-preview:large","max-video-preview":"max-video-preview:-1"},"canonical":"https:\/\/inspagna.com\/es\/el-plan-de-empresa-para-abrir-en-espana\/","og_locale":"es_ES","og_type":"article","og_title":"Abrir en Espa\u00f1a: el plan de empresa que necesitas","og_description":"Descubre c\u00f3mo estructurar un plan de empresa eficaz para abrir en Espa\u00f1a. Gu\u00eda pr\u00e1ctica con todos los pasos fundamentales para tener \u00e9xito.","og_url":"https:\/\/inspagna.com\/es\/el-plan-de-empresa-para-abrir-en-espana\/","og_site_name":"In Spagna","article_published_time":"2026-09-04T06:02:34+00:00","og_image":[{"width":940,"height":627,"url":"https:\/\/inspagna.com\/wp-content\/uploads\/2026\/09\/documents-charts-meeting-table.jpg","type":"image\/jpeg"}],"author":"Erick Canale","twitter_card":"summary_large_image","twitter_misc":{"Escrito por":"Erick Canale","Tiempo de lectura":"7 minutos"},"schema":{"@context":"https:\/\/schema.org","@graph":[{"@type":"Article","@id":"https:\/\/inspagna.com\/es\/el-plan-de-empresa-para-abrir-en-espana\/#article","isPartOf":{"@id":"https:\/\/inspagna.com\/es\/el-plan-de-empresa-para-abrir-en-espana\/"},"author":{"name":"Erick Canale","@id":"https:\/\/inspagna.com\/#\/schema\/person\/de6fbca5c6be2dd26449a776e12c3558"},"headline":"El plan de empresa para abrir en Espa\u00f1a","datePublished":"2026-09-04T06:02:34+00:00","mainEntityOfPage":{"@id":"https:\/\/inspagna.com\/es\/el-plan-de-empresa-para-abrir-en-espana\/"},"wordCount":1363,"commentCount":0,"image":{"@id":"https:\/\/inspagna.com\/es\/el-plan-de-empresa-para-abrir-en-espana\/#primaryimage"},"thumbnailUrl":"https:\/\/inspagna.com\/wp-content\/uploads\/2026\/09\/documents-charts-meeting-table.jpg","articleSection":["Aut\u00f3nomos y Empresa"],"inLanguage":"es","potentialAction":[{"@type":"CommentAction","name":"Comment","target":["https:\/\/inspagna.com\/es\/el-plan-de-empresa-para-abrir-en-espana\/#respond"]}]},{"@type":"WebPage","@id":"https:\/\/inspagna.com\/es\/el-plan-de-empresa-para-abrir-en-espana\/","url":"https:\/\/inspagna.com\/es\/el-plan-de-empresa-para-abrir-en-espana\/","name":"Abrir en Espa\u00f1a: el plan de empresa que necesitas","isPartOf":{"@id":"https:\/\/inspagna.com\/#website"},"primaryImageOfPage":{"@id":"https:\/\/inspagna.com\/es\/el-plan-de-empresa-para-abrir-en-espana\/#primaryimage"},"image":{"@id":"https:\/\/inspagna.com\/es\/el-plan-de-empresa-para-abrir-en-espana\/#primaryimage"},"thumbnailUrl":"https:\/\/inspagna.com\/wp-content\/uploads\/2026\/09\/documents-charts-meeting-table.jpg","datePublished":"2026-09-04T06:02:34+00:00","author":{"@id":"https:\/\/inspagna.com\/#\/schema\/person\/de6fbca5c6be2dd26449a776e12c3558"},"description":"Descubre c\u00f3mo estructurar un plan de empresa eficaz para abrir en Espa\u00f1a. Gu\u00eda pr\u00e1ctica con todos los pasos fundamentales para tener \u00e9xito.","breadcrumb":{"@id":"https:\/\/inspagna.com\/es\/el-plan-de-empresa-para-abrir-en-espana\/#breadcrumb"},"inLanguage":"es","potentialAction":[{"@type":"ReadAction","target":["https:\/\/inspagna.com\/es\/el-plan-de-empresa-para-abrir-en-espana\/"]}]},{"@type":"ImageObject","inLanguage":"es","@id":"https:\/\/inspagna.com\/es\/el-plan-de-empresa-para-abrir-en-espana\/#primaryimage","url":"https:\/\/inspagna.com\/wp-content\/uploads\/2026\/09\/documents-charts-meeting-table.jpg","contentUrl":"https:\/\/inspagna.com\/wp-content\/uploads\/2026\/09\/documents-charts-meeting-table.jpg","width":940,"height":627,"caption":"Foto di RDNE Stock project su Pexels"},{"@type":"BreadcrumbList","@id":"https:\/\/inspagna.com\/es\/el-plan-de-empresa-para-abrir-en-espana\/#breadcrumb","itemListElement":[{"@type":"ListItem","position":1,"name":"Home","item":"https:\/\/inspagna.com\/es\/"},{"@type":"ListItem","position":2,"name":"El plan de empresa para abrir en Espa\u00f1a"}]},{"@type":"WebSite","@id":"https:\/\/inspagna.com\/#website","url":"https:\/\/inspagna.com\/","name":"In Spagna","description":"Dall&#039;Italia alla Spagna","potentialAction":[{"@type":"SearchAction","target":{"@type":"EntryPoint","urlTemplate":"https:\/\/inspagna.com\/?s={search_term_string}"},"query-input":{"@type":"PropertyValueSpecification","valueRequired":true,"valueName":"search_term_string"}}],"inLanguage":"es"},{"@type":"Person","@id":"https:\/\/inspagna.com\/#\/schema\/person\/de6fbca5c6be2dd26449a776e12c3558","name":"Erick Canale","image":{"@type":"ImageObject","inLanguage":"es","@id":"https:\/\/inspagna.com\/wp-content\/uploads\/2026\/08\/ERICK-CANALE.jpg","url":"https:\/\/inspagna.com\/wp-content\/uploads\/2026\/08\/ERICK-CANALE.jpg","contentUrl":"https:\/\/inspagna.com\/wp-content\/uploads\/2026\/08\/ERICK-CANALE.jpg","caption":"Erick Canale"},"description":"Nato a Cuneo e si \u00e8 trasferito in Spagna oltre ventidue anni fa: prima Barcellona, dove ha vissuto quattordici anni, dal 2018 vive a Madrid. Dopo un percorso da dipendente in una multinazionale italiana, da quindici anni dirige JEZZ Media, agenzia di marketing online. La burocrazia spagnola l'ha attraversata tutta, di persona.","sameAs":["https:\/\/erickcanale.com","https:\/\/www.instagram.com\/erickcanale","https:\/\/www.linkedin.com\/in\/erickcanale\/?originalSubdomain=es","https:\/\/www.youtube.com\/channel\/UC_I9iKi9Th8qBKrbE_kZkeQ"],"url":"https:\/\/inspagna.com\/es\/author\/1nspagnaadmin\/"}]}},"_links":{"self":[{"href":"https:\/\/inspagna.com\/es\/wp-json\/wp\/v2\/posts\/763","targetHints":{"allow":["GET"]}}],"collection":[{"href":"https:\/\/inspagna.com\/es\/wp-json\/wp\/v2\/posts"}],"about":[{"href":"https:\/\/inspagna.com\/es\/wp-json\/wp\/v2\/types\/post"}],"author":[{"embeddable":true,"href":"https:\/\/inspagna.com\/es\/wp-json\/wp\/v2\/users\/1"}],"replies":[{"embeddable":true,"href":"https:\/\/inspagna.com\/es\/wp-json\/wp\/v2\/comments?post=763"}],"version-history":[{"count":0,"href":"https:\/\/inspagna.com\/es\/wp-json\/wp\/v2\/posts\/763\/revisions"}],"wp:featuredmedia":[{"embeddable":true,"href":"https:\/\/inspagna.com\/es\/wp-json\/wp\/v2\/media\/761"}],"wp:attachment":[{"href":"https:\/\/inspagna.com\/es\/wp-json\/wp\/v2\/media?parent=763"}],"wp:term":[{"taxonomy":"category","embeddable":true,"href":"https:\/\/inspagna.com\/es\/wp-json\/wp\/v2\/categories?post=763"},{"taxonomy":"post_tag","embeddable":true,"href":"https:\/\/inspagna.com\/es\/wp-json\/wp\/v2\/tags?post=763"}],"curies":[{"name":"wp","href":"https:\/\/api.w.org\/{rel}","templated":true}]}}