{"id":751,"date":"2026-09-02T16:04:31","date_gmt":"2026-09-02T14:04:31","guid":{"rendered":"https:\/\/inspagna.com\/el-pan-el-aceite-y-los-sabores-cotidianos-en-espana\/"},"modified":"2026-09-02T16:04:31","modified_gmt":"2026-09-02T14:04:31","slug":"el-pan-el-aceite-y-los-sabores-cotidianos-en-espana","status":"publish","type":"post","link":"https:\/\/inspagna.com\/es\/el-pan-el-aceite-y-los-sabores-cotidianos-en-espana\/","title":{"rendered":"El pan, el aceite y los sabores cotidianos en Espa\u00f1a"},"content":{"rendered":"<p>Llegas a Espa\u00f1a, entras al supermercado, miras las estanter\u00edas y piensas: <em>\u00bfd\u00f3nde est\u00e1n las cosas que conozco?<\/em> El pan es diferente. El aceite est\u00e1 por todas partes, pero no es el que comprabas en casa. Los quesos no te suenan. Las aceitunas las comes como aperitivo, no como ingrediente. Incluso los sabores cotidianos \u2014los del desayuno, el almuerzo r\u00e1pido, la cena de pie\u2014 siguen una l\u00f3gica muy espa\u00f1ola. No mejor ni peor que la italiana, pero diferente. Y entenderla cambia por completo la experiencia de vivir aqu\u00ed.<\/p><div id=\"ez-toc-container\" class=\"ez-toc-v2_0_86 counter-hierarchy ez-toc-counter ez-toc-custom ez-toc-container-direction\">\n<div class=\"ez-toc-box-title\">In questo articolo<\/div>\n<div class=\"ez-toc-title-container\">\n<span class=\"ez-toc-title-toggle\"><\/span><\/div>\n<nav><ul class='ez-toc-list ez-toc-list-level-1 ' ><li class='ez-toc-page-1 ez-toc-heading-level-2'><a class=\"ez-toc-link ez-toc-heading-1\" href=\"https:\/\/inspagna.com\/es\/el-pan-el-aceite-y-los-sabores-cotidianos-en-espana\/#El-pan-de-cada-dia-sin-corteza-imponente-sin-dudas\" >El pan de cada d\u00eda: sin corteza imponente, sin dudas<\/a><\/li><li class='ez-toc-page-1 ez-toc-heading-level-2'><a class=\"ez-toc-link ez-toc-heading-2\" href=\"https:\/\/inspagna.com\/es\/el-pan-el-aceite-y-los-sabores-cotidianos-en-espana\/#El-aceite-de-oliva-no-un-condimento-un-estilo-de-vida\" >El aceite de oliva: no un condimento, un estilo de vida<\/a><\/li><li class='ez-toc-page-1 ez-toc-heading-level-2'><a class=\"ez-toc-link ez-toc-heading-3\" href=\"https:\/\/inspagna.com\/es\/el-pan-el-aceite-y-los-sabores-cotidianos-en-espana\/#El-desayuno-dulce-o-salado-pero-nunca-abundante\" >El desayuno: dulce o salado, pero nunca abundante<\/a><\/li><li class='ez-toc-page-1 ez-toc-heading-level-2'><a class=\"ez-toc-link ez-toc-heading-4\" href=\"https:\/\/inspagna.com\/es\/el-pan-el-aceite-y-los-sabores-cotidianos-en-espana\/#Los-sabores-que-no-esperas-quesos-conservas-y-embutidos\" >Los sabores que no esperas: quesos, conservas y embutidos<\/a><\/li><li class='ez-toc-page-1 ez-toc-heading-level-2'><a class=\"ez-toc-link ez-toc-heading-5\" href=\"https:\/\/inspagna.com\/es\/el-pan-el-aceite-y-los-sabores-cotidianos-en-espana\/#Las-aceitunas-no-solo-aperitivo\" >Las aceitunas: no solo aperitivo<\/a><\/li><li class='ez-toc-page-1 ez-toc-heading-level-2'><a class=\"ez-toc-link ez-toc-heading-6\" href=\"https:\/\/inspagna.com\/es\/el-pan-el-aceite-y-los-sabores-cotidianos-en-espana\/#Adaptarse-sin-perder-las-propias-costumbres\" >Adaptarse sin perder las propias costumbres<\/a><\/li><\/ul><\/nav><\/div>\n\n<h2><span class=\"ez-toc-section\" id=\"El-pan-de-cada-dia-sin-corteza-imponente-sin-dudas\"><\/span>El pan de cada d\u00eda: sin corteza imponente, sin dudas<span class=\"ez-toc-section-end\"><\/span><\/h2>\n<p>En Italia creciste con la idea de que el buen pan debe tener una corteza firme, una miga alveolada, quiz\u00e1s algo de centeno o espelta en la masa. En Espa\u00f1a la cultura del pan existe, y mucho, pero sigue otros c\u00e1nones. <strong>El pan espa\u00f1ol de cada d\u00eda es suave, blanco y se come reci\u00e9n hecho<\/strong> \u2014a menudo comprado dos veces al d\u00eda, por la ma\u00f1ana y a primera hora de la tarde, porque no est\u00e1 pensado para durar.<\/p>\n<p>La barra \u2014larga, estrecha, con una corteza ligera que cruje apenas\u2014 es el equivalente de la baguette francesa, pero con personalidad propia. En los bares la encuentras ya cortada, frotada con tomate maduro e inundada de aceite: es el <em>pan con tomate<\/em>, que en Catalu\u00f1a llaman <em>pa amb tom\u00e0quet<\/em> y que es probablemente lo m\u00e1s sencillo y m\u00e1s bueno que comer\u00e1s aqu\u00ed. No es un entrante ex\u00f3tico: es el desayuno, el almuerzo r\u00e1pido, la merienda de las cinco. Es la manera espa\u00f1ola de tratar el pan como merece.<\/p>\n<p>Quien llega de Italia suele sorprenderse de la cantidad de pan que se consume en las comidas. Llega en la cesta antes que todo lo dem\u00e1s, acompa\u00f1a cualquier plato, no te lo retiran hasta que has terminado. Es parte integral del ritual de la mesa, igual que en Italia \u2014pero sin la obsesi\u00f3n por la variedad. La barra generalista domina, las variantes artesanales existen pero todav\u00eda no son la norma en todas partes.<\/p>\n<h2><span class=\"ez-toc-section\" id=\"El-aceite-de-oliva-no-un-condimento-un-estilo-de-vida\"><\/span>El aceite de oliva: no un condimento, un estilo de vida<span class=\"ez-toc-section-end\"><\/span><\/h2>\n<p>Si en Italia el aceite de oliva es un producto valioso que se usa con criterio, en Espa\u00f1a es <strong>un elemento estructural de la cocina, no un condimento accesorio<\/strong>. Espa\u00f1a es uno de los mayores productores mundiales de aceite de oliva, y eso se nota en cada cocina, en cada bar, en cada casa. El aceite no se gotea: se vierte. Sobre el pan, la verdura, las legumbres, la carne. Se cocina todo con \u00e9l, del desayuno a la cena.<\/p>\n<p>Las variedades m\u00e1s extendidas \u2014Picual, Arbequina, Hojiblanca\u2014 tienen perfiles de sabor distintos, desde el frutado intenso hasta el delicado casi dulce. La Arbequina, muy cultivada en Catalu\u00f1a y Andaluc\u00eda, suele ser la m\u00e1s accesible para un paladar italiano: suave, poco amarga, vers\u00e1til. La Picual, t\u00edpica de Ja\u00e9n, es m\u00e1s robusta y resistente al calor, ideal para cocinar. Si tienes la costumbre italiana de distinguir entre aceite para cocinar y aceite para ali\u00f1ar, aqu\u00ed encontrar\u00e1s esa misma sensibilidad en las tiendas especializadas y en los mercados \u2014merece la pena explorarlos, como <a href=\"https:\/\/inspagna.com\/es\/mercados-de-barrio-donde-hacen-la-compra-los-espanoles\/\">hacen los espa\u00f1oles en los mercados de barrio<\/a>, donde los productores locales llevan directamente sus variedades.<\/p>\n<h2><span class=\"ez-toc-section\" id=\"El-desayuno-dulce-o-salado-pero-nunca-abundante\"><\/span>El desayuno: dulce o salado, pero nunca abundante<span class=\"ez-toc-section-end\"><\/span><\/h2>\n<p>Uno de los primeros choques culturales tiene que ver con el desayuno. En Italia puedes estar diez minutos en el bar, con tu croissant y tu cappuccino, y considerarlo una experiencia completa. En Espa\u00f1a el desayuno es todav\u00eda m\u00e1s r\u00e1pido, todav\u00eda m\u00e1s ligero \u2014y a menudo m\u00e1s salado de lo que esperas.<\/p>\n<p><strong>El <em>desayuno<\/em> t\u00edpico es un caf\u00e9 y algo peque\u00f1o<\/strong>: una tostada con aceite y tomate, o con mantequilla y mermelada, o con jam\u00f3n. Los dulces existen \u2014las <em>napolitanas<\/em>, las <em>magdalenas<\/em>, los <em>churros<\/em> del fin de semana\u2014 pero no dominan como en Italia. El <a href=\"https:\/\/inspagna.com\/es\/el-cafe-en-espana-como-pedirlo-sin-equivocarte\/\">caf\u00e9 en Espa\u00f1a tiene su propia cultura<\/a>: pedir un <em>caf\u00e9 con leche<\/em> en el bar, entender la diferencia con un <em>cortado<\/em>, aprender a no pedir un cappuccino esperando el italiano \u2014son peque\u00f1os ritos de integraci\u00f3n cotidiana.<\/p>\n<p>Lo que m\u00e1s sorprende es que el desayuno espa\u00f1ol rara vez es un momento de saciedad. Se come poco, se bebe deprisa, uno se guarda para la comida \u2014que en Espa\u00f1a es la comida principal del d\u00eda, abundante y sin prisas. Si vienes de la costumbre italiana de saltarte el almuerzo y cenar tarde, descubrir\u00e1s que aqu\u00ed funciona de otra manera: la comida existe de verdad, con primero y segundo, y la cena suele ser m\u00e1s ligera.<\/p>\n<h2><span class=\"ez-toc-section\" id=\"Los-sabores-que-no-esperas-quesos-conservas-y-embutidos\"><\/span>Los sabores que no esperas: quesos, conservas y embutidos<span class=\"ez-toc-section-end\"><\/span><\/h2>\n<p>La tradici\u00f3n quesera espa\u00f1ola no tiene la visibilidad internacional de la italiana o la francesa, pero es m\u00e1s rica de lo que imaginas. El <em>manchego<\/em> \u2014curado, de pasta compacta, con ese sabor a oveja que se percibe limpio al final\u2014 es el m\u00e1s conocido, pero es solo el principio. El <em>tetilla<\/em> gallego, el <em>cabrales<\/em> asturiano (un queso azul que no tiene nada que envidiarle a ciertos quesos italianos), el <em>mah\u00f3n<\/em> menorqu\u00edn: <strong>cada regi\u00f3n tiene su propia tradici\u00f3n quesera<\/strong>, a menudo poco exportada y por tanto descubierta solo vivi\u00e9ndola.<\/p>\n<p>Los embutidos siguen la misma l\u00f3gica. El <em>jam\u00f3n ib\u00e9rico<\/em> no necesita presentaci\u00f3n \u2014pero s\u00ed la manera en que se consume. En Espa\u00f1a el jam\u00f3n no es un fiambre para poner en la pizza o en el bocadillo: es un producto para saborear solo, a temperatura ambiente, cortado fino en el momento. <strong>El <em>jam\u00f3n<\/em> es casi un ritual<\/strong>, y entender la diferencia entre serrano e ib\u00e9rico, entre <em>bellota<\/em> y <em>cebo<\/em>, forma parte de la educaci\u00f3n gastron\u00f3mica de quien se muda aqu\u00ed.<\/p>\n<p>Las conservas \u2014at\u00fan, sardinas, mejillones, anchoas\u2014 tienen un estatus elevado que en Italia reservamos solo a las anchoas de Cetara o al at\u00fan de Carloforte. Aqu\u00ed las <em>conservas<\/em> de calidad se encuentran en tiendas especializadas, se regalan, se comen con orgullo. Una lata de mejillones en escabeche o de almejas al natural puede ser un entrante de lo m\u00e1s digno.<\/p>\n<h2><span class=\"ez-toc-section\" id=\"Las-aceitunas-no-solo-aperitivo\"><\/span>Las aceitunas: no solo aperitivo<span class=\"ez-toc-section-end\"><\/span><\/h2>\n<p>Para un italiano, la aceituna es una aceituna: va en el Martini, se usa para ali\u00f1ar la pasta, a veces aparece en la tabla. En Espa\u00f1a la aceituna es un mundo aparte. Las variedades son decenas \u2014Manzanilla, Gordal, Arbequina, Cacere\u00f1a\u2014 y se sirven en contextos muy distintos: como <em>tapa<\/em> en la barra del bar, marinadas con hierbas y piel de naranja, rellenas de pimiento o anchoa, al horno con ajo y especias.<\/p>\n<p>La costumbre de comer aceitunas en el bar antes de comer o cenar forma parte de esa cultura del aperitivo espa\u00f1ol que se entrelaza con <a href=\"https:\/\/inspagna.com\/es\/tapas-raciones-y-pinchos-entender-la-cocina-espanola\/\">el mundo de las tapas y las raciones<\/a> \u2014un sistema de compartir la comida que, una vez que lo entiendes, resulta dif\u00edcil de abandonar. No se trata solo de comer: es una manera de estar juntos, de marcar las horas del d\u00eda, de usar la comida como excusa para la conversaci\u00f3n.<\/p>\n<h2><span class=\"ez-toc-section\" id=\"Adaptarse-sin-perder-las-propias-costumbres\"><\/span>Adaptarse sin perder las propias costumbres<span class=\"ez-toc-section-end\"><\/span><\/h2>\n<p>Muchos italianos que viven en Espa\u00f1a pasan por una fase de resistencia: buscan la pasta adecuada, el parmesano de verdad, el pan como en casa. Es normal, y no hay nada de malo en ello. <strong>La nostalgia gastron\u00f3mica es real<\/strong>, y no hay que minimizarla. Pero pasada esa fase \u2014y por lo general pasa\u2014 se descubre que la cocina cotidiana espa\u00f1ola ofrece una satisfacci\u00f3n diferente, no inferior.<\/p>\n<p>Los <a href=\"https:\/\/inspagna.com\/es\/horarios-espanoles-por-que-se-cena-a-las-diez-de-la-noche\/\">horarios espa\u00f1oles<\/a> al principio desestabilizan incluso a los m\u00e1s adaptables: comer a las dos de la tarde y cenar a las nueve y media de la noche requiere un ajuste del metabolismo adem\u00e1s de la agenda. Pero con el tiempo se entiende que esos horarios no son caprichos culturales: son el reflejo de una relaci\u00f3n con la comida que prioriza el compartir sobre la velocidad, el placer sobre la eficiencia.<\/p>\n<p>El pan con tomate y aceite por la ma\u00f1ana, las aceitunas en la barra del bar antes de comer, el manchego cortado en dados sobre la tabla de la cena: son los sabores cotidianos de Espa\u00f1a, esos que al cabo de un tiempo dejan de parecer extra\u00f1os y empiezan a parecer normales. Y cuando eso ocurre, significa que el traslado est\u00e1 funcionando de verdad. Si todav\u00eda est\u00e1s organizando tu llegada, empieza por aqu\u00ed: por la cocina de cada d\u00eda, por un mercado de barrio, por un bar con aceitunas en la barra. Lo dem\u00e1s llega solo.<\/p>\n","protected":false},"excerpt":{"rendered":"<p>Llegas a Espa\u00f1a, entras al supermercado, miras las estanter\u00edas y piensas: \u00bfd\u00f3nde est\u00e1n las cosas que conozco? El pan es diferente. El aceite est\u00e1 por todas partes, pero no es el que comprabas en casa. Los quesos no te suenan. Las aceitunas las comes como aperitivo, no como ingrediente. Incluso los sabores cotidianos \u2014los del [&hellip;]<\/p>\n","protected":false},"author":1,"featured_media":749,"comment_status":"open","ping_status":"open","sticky":false,"template":"","format":"standard","meta":{"footnotes":""},"categories":[27],"tags":[],"class_list":["post-751","post","type-post","status-publish","format-standard","has-post-thumbnail","hentry","category-cultura-costumbres"],"yoast_head":"<!-- This site is optimized with the Yoast SEO plugin v28.2 - https:\/\/yoast.com\/product\/yoast-seo-wordpress\/ -->\n<title>Pan, aceite y sabores t\u00edpicos de Espa\u00f1a: gu\u00eda para italianos<\/title>\n<meta name=\"description\" content=\"Descubre el pan, el aceite y los sabores cotidianos de Espa\u00f1a: ingredientes sencillos que cuentan una cultura gastron\u00f3mica rica y aut\u00e9ntica.\" \/>\n<meta name=\"robots\" content=\"index, follow, max-snippet:-1, max-image-preview:large, max-video-preview:-1\" \/>\n<link rel=\"canonical\" href=\"https:\/\/inspagna.com\/es\/el-pan-el-aceite-y-los-sabores-cotidianos-en-espana\/\" \/>\n<meta property=\"og:locale\" content=\"es_ES\" \/>\n<meta property=\"og:type\" content=\"article\" \/>\n<meta property=\"og:title\" content=\"Pan, aceite y sabores t\u00edpicos de Espa\u00f1a: gu\u00eda para italianos\" \/>\n<meta property=\"og:description\" content=\"Descubre el pan, el aceite y los sabores cotidianos de Espa\u00f1a: ingredientes sencillos que cuentan una cultura gastron\u00f3mica rica y aut\u00e9ntica.\" \/>\n<meta property=\"og:url\" content=\"https:\/\/inspagna.com\/es\/el-pan-el-aceite-y-los-sabores-cotidianos-en-espana\/\" \/>\n<meta property=\"og:site_name\" content=\"In Spagna\" \/>\n<meta property=\"article:published_time\" content=\"2026-09-02T14:04:31+00:00\" \/>\n<meta property=\"og:image\" content=\"https:\/\/inspagna.com\/wp-content\/uploads\/2026\/09\/bread-olive-oil-table.jpg\" \/>\n\t<meta property=\"og:image:width\" content=\"940\" \/>\n\t<meta property=\"og:image:height\" content=\"627\" \/>\n\t<meta property=\"og:image:type\" content=\"image\/jpeg\" \/>\n<meta name=\"author\" content=\"Erick Canale\" \/>\n<meta name=\"twitter:card\" content=\"summary_large_image\" \/>\n<meta name=\"twitter:label1\" content=\"Escrito por\" \/>\n\t<meta name=\"twitter:data1\" content=\"Erick Canale\" \/>\n\t<meta name=\"twitter:label2\" content=\"Tiempo de lectura\" \/>\n\t<meta name=\"twitter:data2\" content=\"7 minutos\" \/>\n<script type=\"application\/ld+json\" class=\"yoast-schema-graph\">{\"@context\":\"https:\\\/\\\/schema.org\",\"@graph\":[{\"@type\":\"Article\",\"@id\":\"https:\\\/\\\/inspagna.com\\\/es\\\/el-pan-el-aceite-y-los-sabores-cotidianos-en-espana\\\/#article\",\"isPartOf\":{\"@id\":\"https:\\\/\\\/inspagna.com\\\/es\\\/el-pan-el-aceite-y-los-sabores-cotidianos-en-espana\\\/\"},\"author\":{\"name\":\"Erick Canale\",\"@id\":\"https:\\\/\\\/inspagna.com\\\/#\\\/schema\\\/person\\\/de6fbca5c6be2dd26449a776e12c3558\"},\"headline\":\"El pan, el aceite y los sabores cotidianos en Espa\u00f1a\",\"datePublished\":\"2026-09-02T14:04:31+00:00\",\"mainEntityOfPage\":{\"@id\":\"https:\\\/\\\/inspagna.com\\\/es\\\/el-pan-el-aceite-y-los-sabores-cotidianos-en-espana\\\/\"},\"wordCount\":1494,\"commentCount\":0,\"image\":{\"@id\":\"https:\\\/\\\/inspagna.com\\\/es\\\/el-pan-el-aceite-y-los-sabores-cotidianos-en-espana\\\/#primaryimage\"},\"thumbnailUrl\":\"https:\\\/\\\/inspagna.com\\\/wp-content\\\/uploads\\\/2026\\\/09\\\/bread-olive-oil-table.jpg\",\"articleSection\":[\"Culturas y Costumbres\"],\"inLanguage\":\"es\",\"potentialAction\":[{\"@type\":\"CommentAction\",\"name\":\"Comment\",\"target\":[\"https:\\\/\\\/inspagna.com\\\/es\\\/el-pan-el-aceite-y-los-sabores-cotidianos-en-espana\\\/#respond\"]}]},{\"@type\":\"WebPage\",\"@id\":\"https:\\\/\\\/inspagna.com\\\/es\\\/el-pan-el-aceite-y-los-sabores-cotidianos-en-espana\\\/\",\"url\":\"https:\\\/\\\/inspagna.com\\\/es\\\/el-pan-el-aceite-y-los-sabores-cotidianos-en-espana\\\/\",\"name\":\"Pan, aceite y sabores t\u00edpicos de Espa\u00f1a: gu\u00eda para italianos\",\"isPartOf\":{\"@id\":\"https:\\\/\\\/inspagna.com\\\/#website\"},\"primaryImageOfPage\":{\"@id\":\"https:\\\/\\\/inspagna.com\\\/es\\\/el-pan-el-aceite-y-los-sabores-cotidianos-en-espana\\\/#primaryimage\"},\"image\":{\"@id\":\"https:\\\/\\\/inspagna.com\\\/es\\\/el-pan-el-aceite-y-los-sabores-cotidianos-en-espana\\\/#primaryimage\"},\"thumbnailUrl\":\"https:\\\/\\\/inspagna.com\\\/wp-content\\\/uploads\\\/2026\\\/09\\\/bread-olive-oil-table.jpg\",\"datePublished\":\"2026-09-02T14:04:31+00:00\",\"author\":{\"@id\":\"https:\\\/\\\/inspagna.com\\\/#\\\/schema\\\/person\\\/de6fbca5c6be2dd26449a776e12c3558\"},\"description\":\"Descubre el pan, el aceite y los sabores cotidianos de Espa\u00f1a: ingredientes sencillos que cuentan una cultura gastron\u00f3mica rica y aut\u00e9ntica.\",\"breadcrumb\":{\"@id\":\"https:\\\/\\\/inspagna.com\\\/es\\\/el-pan-el-aceite-y-los-sabores-cotidianos-en-espana\\\/#breadcrumb\"},\"inLanguage\":\"es\",\"potentialAction\":[{\"@type\":\"ReadAction\",\"target\":[\"https:\\\/\\\/inspagna.com\\\/es\\\/el-pan-el-aceite-y-los-sabores-cotidianos-en-espana\\\/\"]}]},{\"@type\":\"ImageObject\",\"inLanguage\":\"es\",\"@id\":\"https:\\\/\\\/inspagna.com\\\/es\\\/el-pan-el-aceite-y-los-sabores-cotidianos-en-espana\\\/#primaryimage\",\"url\":\"https:\\\/\\\/inspagna.com\\\/wp-content\\\/uploads\\\/2026\\\/09\\\/bread-olive-oil-table.jpg\",\"contentUrl\":\"https:\\\/\\\/inspagna.com\\\/wp-content\\\/uploads\\\/2026\\\/09\\\/bread-olive-oil-table.jpg\",\"width\":940,\"height\":627,\"caption\":\"Foto di Magda Ehlers su Pexels\"},{\"@type\":\"BreadcrumbList\",\"@id\":\"https:\\\/\\\/inspagna.com\\\/es\\\/el-pan-el-aceite-y-los-sabores-cotidianos-en-espana\\\/#breadcrumb\",\"itemListElement\":[{\"@type\":\"ListItem\",\"position\":1,\"name\":\"Home\",\"item\":\"https:\\\/\\\/inspagna.com\\\/es\\\/\"},{\"@type\":\"ListItem\",\"position\":2,\"name\":\"El pan, el aceite y los sabores cotidianos en Espa\u00f1a\"}]},{\"@type\":\"WebSite\",\"@id\":\"https:\\\/\\\/inspagna.com\\\/#website\",\"url\":\"https:\\\/\\\/inspagna.com\\\/\",\"name\":\"In Spagna\",\"description\":\"Dall&#039;Italia alla Spagna\",\"potentialAction\":[{\"@type\":\"SearchAction\",\"target\":{\"@type\":\"EntryPoint\",\"urlTemplate\":\"https:\\\/\\\/inspagna.com\\\/?s={search_term_string}\"},\"query-input\":{\"@type\":\"PropertyValueSpecification\",\"valueRequired\":true,\"valueName\":\"search_term_string\"}}],\"inLanguage\":\"es\"},{\"@type\":\"Person\",\"@id\":\"https:\\\/\\\/inspagna.com\\\/#\\\/schema\\\/person\\\/de6fbca5c6be2dd26449a776e12c3558\",\"name\":\"Erick Canale\",\"image\":{\"@type\":\"ImageObject\",\"inLanguage\":\"es\",\"@id\":\"https:\\\/\\\/inspagna.com\\\/wp-content\\\/uploads\\\/2026\\\/08\\\/ERICK-CANALE.jpg\",\"url\":\"https:\\\/\\\/inspagna.com\\\/wp-content\\\/uploads\\\/2026\\\/08\\\/ERICK-CANALE.jpg\",\"contentUrl\":\"https:\\\/\\\/inspagna.com\\\/wp-content\\\/uploads\\\/2026\\\/08\\\/ERICK-CANALE.jpg\",\"caption\":\"Erick Canale\"},\"description\":\"Nato a Cuneo e si \u00e8 trasferito in Spagna oltre ventidue anni fa: prima Barcellona, dove ha vissuto quattordici anni, dal 2018 vive a Madrid. Dopo un percorso da dipendente in una multinazionale italiana, da quindici anni dirige JEZZ Media, agenzia di marketing online. La burocrazia spagnola l'ha attraversata tutta, di persona.\",\"sameAs\":[\"https:\\\/\\\/erickcanale.com\",\"https:\\\/\\\/www.instagram.com\\\/erickcanale\",\"https:\\\/\\\/www.linkedin.com\\\/in\\\/erickcanale\\\/?originalSubdomain=es\",\"https:\\\/\\\/www.youtube.com\\\/channel\\\/UC_I9iKi9Th8qBKrbE_kZkeQ\"],\"url\":\"https:\\\/\\\/inspagna.com\\\/es\\\/author\\\/1nspagnaadmin\\\/\"}]}<\/script>\n<!-- \/ Yoast SEO plugin. -->","yoast_head_json":{"title":"Pan, aceite y sabores t\u00edpicos de Espa\u00f1a: gu\u00eda para italianos","description":"Descubre el pan, el aceite y los sabores cotidianos de Espa\u00f1a: ingredientes sencillos que cuentan una cultura gastron\u00f3mica rica y aut\u00e9ntica.","robots":{"index":"index","follow":"follow","max-snippet":"max-snippet:-1","max-image-preview":"max-image-preview:large","max-video-preview":"max-video-preview:-1"},"canonical":"https:\/\/inspagna.com\/es\/el-pan-el-aceite-y-los-sabores-cotidianos-en-espana\/","og_locale":"es_ES","og_type":"article","og_title":"Pan, aceite y sabores t\u00edpicos de Espa\u00f1a: gu\u00eda para italianos","og_description":"Descubre el pan, el aceite y los sabores cotidianos de Espa\u00f1a: ingredientes sencillos que cuentan una cultura gastron\u00f3mica rica y aut\u00e9ntica.","og_url":"https:\/\/inspagna.com\/es\/el-pan-el-aceite-y-los-sabores-cotidianos-en-espana\/","og_site_name":"In Spagna","article_published_time":"2026-09-02T14:04:31+00:00","og_image":[{"width":940,"height":627,"url":"https:\/\/inspagna.com\/wp-content\/uploads\/2026\/09\/bread-olive-oil-table.jpg","type":"image\/jpeg"}],"author":"Erick Canale","twitter_card":"summary_large_image","twitter_misc":{"Escrito por":"Erick Canale","Tiempo de lectura":"7 minutos"},"schema":{"@context":"https:\/\/schema.org","@graph":[{"@type":"Article","@id":"https:\/\/inspagna.com\/es\/el-pan-el-aceite-y-los-sabores-cotidianos-en-espana\/#article","isPartOf":{"@id":"https:\/\/inspagna.com\/es\/el-pan-el-aceite-y-los-sabores-cotidianos-en-espana\/"},"author":{"name":"Erick Canale","@id":"https:\/\/inspagna.com\/#\/schema\/person\/de6fbca5c6be2dd26449a776e12c3558"},"headline":"El pan, el aceite y los sabores cotidianos en Espa\u00f1a","datePublished":"2026-09-02T14:04:31+00:00","mainEntityOfPage":{"@id":"https:\/\/inspagna.com\/es\/el-pan-el-aceite-y-los-sabores-cotidianos-en-espana\/"},"wordCount":1494,"commentCount":0,"image":{"@id":"https:\/\/inspagna.com\/es\/el-pan-el-aceite-y-los-sabores-cotidianos-en-espana\/#primaryimage"},"thumbnailUrl":"https:\/\/inspagna.com\/wp-content\/uploads\/2026\/09\/bread-olive-oil-table.jpg","articleSection":["Culturas y Costumbres"],"inLanguage":"es","potentialAction":[{"@type":"CommentAction","name":"Comment","target":["https:\/\/inspagna.com\/es\/el-pan-el-aceite-y-los-sabores-cotidianos-en-espana\/#respond"]}]},{"@type":"WebPage","@id":"https:\/\/inspagna.com\/es\/el-pan-el-aceite-y-los-sabores-cotidianos-en-espana\/","url":"https:\/\/inspagna.com\/es\/el-pan-el-aceite-y-los-sabores-cotidianos-en-espana\/","name":"Pan, aceite y sabores t\u00edpicos de Espa\u00f1a: gu\u00eda para italianos","isPartOf":{"@id":"https:\/\/inspagna.com\/#website"},"primaryImageOfPage":{"@id":"https:\/\/inspagna.com\/es\/el-pan-el-aceite-y-los-sabores-cotidianos-en-espana\/#primaryimage"},"image":{"@id":"https:\/\/inspagna.com\/es\/el-pan-el-aceite-y-los-sabores-cotidianos-en-espana\/#primaryimage"},"thumbnailUrl":"https:\/\/inspagna.com\/wp-content\/uploads\/2026\/09\/bread-olive-oil-table.jpg","datePublished":"2026-09-02T14:04:31+00:00","author":{"@id":"https:\/\/inspagna.com\/#\/schema\/person\/de6fbca5c6be2dd26449a776e12c3558"},"description":"Descubre el pan, el aceite y los sabores cotidianos de Espa\u00f1a: ingredientes sencillos que cuentan una cultura gastron\u00f3mica rica y aut\u00e9ntica.","breadcrumb":{"@id":"https:\/\/inspagna.com\/es\/el-pan-el-aceite-y-los-sabores-cotidianos-en-espana\/#breadcrumb"},"inLanguage":"es","potentialAction":[{"@type":"ReadAction","target":["https:\/\/inspagna.com\/es\/el-pan-el-aceite-y-los-sabores-cotidianos-en-espana\/"]}]},{"@type":"ImageObject","inLanguage":"es","@id":"https:\/\/inspagna.com\/es\/el-pan-el-aceite-y-los-sabores-cotidianos-en-espana\/#primaryimage","url":"https:\/\/inspagna.com\/wp-content\/uploads\/2026\/09\/bread-olive-oil-table.jpg","contentUrl":"https:\/\/inspagna.com\/wp-content\/uploads\/2026\/09\/bread-olive-oil-table.jpg","width":940,"height":627,"caption":"Foto di Magda Ehlers su Pexels"},{"@type":"BreadcrumbList","@id":"https:\/\/inspagna.com\/es\/el-pan-el-aceite-y-los-sabores-cotidianos-en-espana\/#breadcrumb","itemListElement":[{"@type":"ListItem","position":1,"name":"Home","item":"https:\/\/inspagna.com\/es\/"},{"@type":"ListItem","position":2,"name":"El pan, el aceite y los sabores cotidianos en Espa\u00f1a"}]},{"@type":"WebSite","@id":"https:\/\/inspagna.com\/#website","url":"https:\/\/inspagna.com\/","name":"In Spagna","description":"Dall&#039;Italia alla Spagna","potentialAction":[{"@type":"SearchAction","target":{"@type":"EntryPoint","urlTemplate":"https:\/\/inspagna.com\/?s={search_term_string}"},"query-input":{"@type":"PropertyValueSpecification","valueRequired":true,"valueName":"search_term_string"}}],"inLanguage":"es"},{"@type":"Person","@id":"https:\/\/inspagna.com\/#\/schema\/person\/de6fbca5c6be2dd26449a776e12c3558","name":"Erick Canale","image":{"@type":"ImageObject","inLanguage":"es","@id":"https:\/\/inspagna.com\/wp-content\/uploads\/2026\/08\/ERICK-CANALE.jpg","url":"https:\/\/inspagna.com\/wp-content\/uploads\/2026\/08\/ERICK-CANALE.jpg","contentUrl":"https:\/\/inspagna.com\/wp-content\/uploads\/2026\/08\/ERICK-CANALE.jpg","caption":"Erick Canale"},"description":"Nato a Cuneo e si \u00e8 trasferito in Spagna oltre ventidue anni fa: prima Barcellona, dove ha vissuto quattordici anni, dal 2018 vive a Madrid. Dopo un percorso da dipendente in una multinazionale italiana, da quindici anni dirige JEZZ Media, agenzia di marketing online. La burocrazia spagnola l'ha attraversata tutta, di persona.","sameAs":["https:\/\/erickcanale.com","https:\/\/www.instagram.com\/erickcanale","https:\/\/www.linkedin.com\/in\/erickcanale\/?originalSubdomain=es","https:\/\/www.youtube.com\/channel\/UC_I9iKi9Th8qBKrbE_kZkeQ"],"url":"https:\/\/inspagna.com\/es\/author\/1nspagnaadmin\/"}]}},"_links":{"self":[{"href":"https:\/\/inspagna.com\/es\/wp-json\/wp\/v2\/posts\/751","targetHints":{"allow":["GET"]}}],"collection":[{"href":"https:\/\/inspagna.com\/es\/wp-json\/wp\/v2\/posts"}],"about":[{"href":"https:\/\/inspagna.com\/es\/wp-json\/wp\/v2\/types\/post"}],"author":[{"embeddable":true,"href":"https:\/\/inspagna.com\/es\/wp-json\/wp\/v2\/users\/1"}],"replies":[{"embeddable":true,"href":"https:\/\/inspagna.com\/es\/wp-json\/wp\/v2\/comments?post=751"}],"version-history":[{"count":0,"href":"https:\/\/inspagna.com\/es\/wp-json\/wp\/v2\/posts\/751\/revisions"}],"wp:featuredmedia":[{"embeddable":true,"href":"https:\/\/inspagna.com\/es\/wp-json\/wp\/v2\/media\/749"}],"wp:attachment":[{"href":"https:\/\/inspagna.com\/es\/wp-json\/wp\/v2\/media?parent=751"}],"wp:term":[{"taxonomy":"category","embeddable":true,"href":"https:\/\/inspagna.com\/es\/wp-json\/wp\/v2\/categories?post=751"},{"taxonomy":"post_tag","embeddable":true,"href":"https:\/\/inspagna.com\/es\/wp-json\/wp\/v2\/tags?post=751"}],"curies":[{"name":"wp","href":"https:\/\/api.w.org\/{rel}","templated":true}]}}